{"id":1181,"date":"2013-11-07T16:42:00","date_gmt":"2013-11-07T16:42:00","guid":{"rendered":"http:\/\/e-growing.com\/?p=1044"},"modified":"2013-11-07T16:42:00","modified_gmt":"2013-11-07T16:42:00","slug":"est-de-moda-ser-emprendedor","status":"publish","type":"post","link":"https:\/\/www.vanessaestorach.com\/en\/est-de-moda-ser-emprendedor\/","title":{"rendered":"\u00bfEst\u00e1 de moda ser emprendedor?"},"content":{"rendered":"<p><strong>\u00bfEst\u00e1 de moda crear una startup e ir a buscar financiaci\u00f3n?<\/strong> Ahora parece que s\u00ed. Ya no s\u00f3lo se habla en Internet sobre el tema sino que el fen\u00f3meno ya ha llegado a la televisi\u00f3n. \u00bfCu\u00e1ntos programas conoc\u00e9is que hablan de temas relacionados? Pues un mont\u00f3n. El \u00faltimo estreno, <a href=\"http:\/\/www.rtve.es\/rtve\/20131025\/tve-estrena-tu-oportunidad-programa-emprendedores-triunfa-mundo\/777040.shtml\" target=\"_blank\">Tu Oportunidad<\/a> en TV1.<\/p>\n<p>Llegados a este punto, creo que deber\u00edamos reformularnos <strong>que es ser emprendedor y por qu\u00e9 lo somos<\/strong> (\u00bfpor necesidad? \u00bfpor moda? \u00bfpor vocaci\u00f3n?). <!--more-->Seg\u00fan la RAE, emprender se define como:<\/p>\n<blockquote><p>acometer y comenzar una obra, un negocio, un empe\u00f1o, especialmente si encierran dificultad o peligro.<\/p><\/blockquote>\n<p><span style=\"color: #666666; font-size: medium;\"><strong>\u00bfA todos nos gusta el peligro?<br \/>\n<\/strong><\/span>Volviendo a &#8220;Tu Oportunidad&#8221;&#8230; \u00bfLo viste? Normalmente no miro la televisi\u00f3n a esas horas pero no pod\u00eda dormir y all\u00ed estaba. Ya me hab\u00edan hablado del programa uno de los emprendedores que fue seleccionado pero de vivirlo a verlo, cambia un mont\u00f3n. El programa <strong>se podr\u00eda semejar bastante a un circo<\/strong>: un emprendedor est\u00e1 en el medio y hace su pitch a 5 inversores que a su vez, le hacen preguntas. Aparentemente (ya sabemos que la TV nos muestra lo que quieren que veamos), en 5-10 minutos, los inversores se deciden a invertir o no en la startup presentada.<\/p>\n<p>No me dio tiempo de ver el programa entero pero vi algunos proyectos que s\u00ed que ten\u00edan todos los ingredientes para ser financiados y otros que no. Supongo que deben seleccionar varias opciones para dar <em>m\u00e1s juego<\/em>.<\/p>\n<p>Lo que a mi me sorprende no es que se seleccionaran proyectos que no cumplieran los requisitos para pedir financiaci\u00f3n (la escalabilidad, es uno de ellos). Lo que m\u00e1s me sorprendi\u00f3 es que TODOS los emprendedores estaban convencidos de que necesitaban inversi\u00f3n.<\/p>\n<p><span style=\"color: #666666; font-size: medium;\"><strong>Think big<\/strong><\/span><br \/>\nEs verdad que una de las premisas que se dicen cuando vas a empezar algo nuevo es &#8220;piensa en grande&#8221;. <strong>El dinero (bien invertido) ayuda a crecer r\u00e1pido<\/strong>. La mayor\u00eda de veces (\u00bftodas?) el dinero nos sirve para llegar antes a nuestra meta. A fin de cuentas, <em>time is money<\/em>.<\/p>\n<p><img loading=\"lazy\" decoding=\"async\" style=\"background-image: none; float: none; padding-top: 0px; padding-left: 0px; margin-left: auto; display: block; padding-right: 0px; margin-right: auto; border: 0px;\" title=\"time-is-money-emprender-egrowing\" src=\"http:\/\/e-growing.com\/wp-content\/uploads\/2013\/11\/time-is-money-emprender-egrowing_thumb.jpg\" alt=\"time-is-money-emprender-egrowing\" width=\"295\" height=\"295\" border=\"0\" \/><\/p>\n<p align=\"center\"><a href=\"http:\/\/www.flickr.com\/photos\/76657755@N04\/7214503978\/in\/photolist-bZwdFC-kJEms-6APyjj-61pJTC-aDnwg2-5R2bkc-h6ruAd-bzncK1-dmyfCP-7WAEm8-6KfXCS-7CiUV9-6QFDYU-7yrp5M-6b4DtN-4okk26-dTUAhR-dUSc9a-7NYLbB-9ZA9J6-dSZe91-cnchKE-apMJjw-dSK3tm-9Jw4ZA-73PAvi-7LVXsw-g7Sje2-g7RAws-g7RtiZ-g7RzQN-736Qs8-aMn95k-73mGSW-9c6SdU-9fwSs2-4EXrih-dMQTp1-7PgoMd-bWwbfi-7RMSYq-7RJCa6-6ACQGW-ykzEf-aDeqhS-67LLJ4-dqEvn6-ddDmM7-7i92Cw-8FCo12-8FCnGt\"><span style=\"font-size: xx-small;\">@creativecommons<\/span><\/a><\/p>\n<p>Por lo tanto, a priori, podemos pensar que si tenemos una idea o un proyecto en marcha y queremos crecer la \u00fanica opci\u00f3n es buscar inversores. <strong>No todas nuestras ideas van a acabar siendo un Facebook<\/strong> y el Venture Capital y\/o los Business Angels lo saben. Es por ello que conseguir su dinero no es f\u00e1cil.<\/p>\n<p>En este punto creo que es importante saber que existen m\u00e1s opciones.<\/p>\n<p><strong><span style=\"color: #666666; font-size: large;\">\u00bfBootstrapping o financiaci\u00f3n?<\/span><\/strong><br \/>\nPues depende de cada startup. En &#8220;Tu Oportunidad&#8221; vi un caso bastante claro que ped\u00eda inversi\u00f3n (y casi la consigue) y, personalmente, creo que con el <a href=\"http:\/\/en.wikipedia.org\/wiki\/Bootstrapping\" target=\"_blank\">bootstrapping<\/a> les bastaba.<br \/>\n\u00bfQu\u00e9 os parece a <a href=\"mailto:vosotr@s\">vosotr@s<\/a>?<\/p>\n<div class=\"VideoContainer f16x9\" data-sust=\"false\" data-assetid=\"2112330_es_videos\" data-permalink=\"http:\/\/www.rtve.es\/alacarta\/videos\/tu-oportunidad\/tu-oportunidad-mumumio\/2112330\/\" data-location=\"embed_videos\" data-idmanager=\"default\"><span class=\"hddn\" style=\"display: none;\">Tu Oportunidad &#8211; Mumumio<\/span><object id=\"\" width=\"425\" height=\"239\" classid=\"clsid:d27cdb6e-ae6d-11cf-96b8-444553540000\" codebase=\"http:\/\/download.macromedia.com\/pub\/shockwave\/cabs\/flash\/swflash.cab#version=6,0,40,0\"><param name=\"allowScriptAccess\" value=\"always\" \/><param name=\"allowFullScreen\" value=\"true\" \/><param name=\"flashvars\" value=\"assetID=2112330_es_videos&amp;location=embed_videos\" \/><param name=\"wmode\" value=\"opaque\" \/><param name=\"quality\" value=\"high\" \/><param name=\"src\" value=\"http:\/\/www.irtve.es\/swf\/4.2.15\/RTVEPlayerVideo.swf\" \/><embed id=\"\" width=\"425\" height=\"239\" type=\"application\/x-shockwave-flash\" src=\"http:\/\/www.irtve.es\/swf\/4.2.15\/RTVEPlayerVideo.swf\" allowscriptaccess=\"always\" allowfullscreen=\"allowfullscreen\" flashvars=\"assetID=2112330_es_videos&amp;location=embed_videos\" wmode=\"opaque\" quality=\"high\" \/><!-- solo video--><a href=\"http:\/\/www.rtve.es\/alacarta\/videos\/tu-oportunidad\/tu-oportunidad-mumumio\/2112330\/\" itemprop=\"url\"><span class=\"videoplay\"><strong>Ver v\u00eddeo<\/strong><\/span><img decoding=\"async\" width=\"425\" src=\"http:\/\/img.irtve.es\/imagenes\/tu-oportunidad-mumumio\/1383219593411.jpg\" alt=\"Tu Oportunidad - Mumumio\" title=\"Tu Oportunidad - Mumumio\" itemprop=\"Image\" class=\"jsResizeImage\" \/><\/a><\/object><\/div>\n<ul style=\"padding: 4px 0 8px 5%; width: 95%; display: block; font-size: 10px; text-align: left; border-bottom: 1px solid #999; background: url('http:\/\/www.rtve.es\/favicon.ico') no-repeat left 2px;\">\n<li style=\"display: inline;\"><a title=\"Tu Oportunidad - Mumumio\" href=\"http:\/\/www.rtve.es\/alacarta\/videos\/tu-oportunidad\/tu-oportunidad-mumumio\/2112330.shtml\"><strong>Tu Oportunidad &#8211; Mumumio<\/strong><\/a><\/li>\n<\/ul>\n<p>&nbsp;<\/p>\n","protected":false},"excerpt":{"rendered":"<p>\u00bfEst\u00e1 de moda crear una startup e ir a buscar financiaci\u00f3n? Ahora parece que s\u00ed. Ya no s\u00f3lo se habla en Internet sobre el tema sino que el fen\u00f3meno ya ha llegado a la televisi\u00f3n. \u00bfCu\u00e1ntos programas conoc\u00e9is que hablan de temas relacionados? Pues un mont\u00f3n. El \u00faltimo estreno, Tu Oportunidad en TV1. Llegados a&#8230;<\/p>\n","protected":false},"author":4,"featured_media":0,"comment_status":"open","ping_status":"open","sticky":false,"template":"","format":"standard","meta":{"_acf_changed":false,"footnotes":""},"categories":[82],"tags":[138,139,140,141,142,143,48,144],"class_list":["post-1181","post","type-post","status-publish","format-standard","hentry","category-e-growing","tag-bootstrap","tag-bootstrapping","tag-emprendedor","tag-emprender","tag-entrepreneur","tag-financiacion","tag-startups","tag-tu-oportunidad"],"acf":[],"yoast_head":"<!-- This site is optimized with the Yoast SEO plugin v26.6 - https:\/\/yoast.com\/wordpress\/plugins\/seo\/ -->\n<title>\u00bfEst\u00e1 de moda ser emprendedor?<\/title>\n<meta name=\"description\" content=\"\u00bfEst\u00e1 de moda crear una startup e ir a buscar financiaci\u00f3n? Ahora parece que s\u00ed. Si no eres emprendedor no eres nadie. \u00bfO no?\" \/>\n<meta name=\"robots\" content=\"index, follow, max-snippet:-1, max-image-preview:large, max-video-preview:-1\" \/>\n<link rel=\"canonical\" href=\"https:\/\/www.vanessaestorach.com\/est-de-moda-ser-emprendedor\/\" \/>\n<meta property=\"og:locale\" content=\"en_US\" \/>\n<meta property=\"og:type\" content=\"article\" \/>\n<meta property=\"og:title\" content=\"\u00bfEst\u00e1 de moda ser emprendedor?\" \/>\n<meta property=\"og:description\" content=\"\u00bfEst\u00e1 de moda crear una startup e ir a buscar financiaci\u00f3n? Ahora parece que s\u00ed. Si no eres emprendedor no eres nadie. \u00bfO no?\" \/>\n<meta property=\"og:url\" content=\"https:\/\/www.vanessaestorach.com\/est-de-moda-ser-emprendedor\/\" \/>\n<meta property=\"og:site_name\" content=\"Vanessa Estorach\" \/>\n<meta property=\"article:published_time\" content=\"2013-11-07T16:42:00+00:00\" \/>\n<meta property=\"og:image\" content=\"http:\/\/e-growing.com\/wp-content\/uploads\/2013\/11\/time-is-money-emprender-egrowing_thumb.jpg\" \/>\n<meta name=\"author\" content=\"vestorach\" \/>\n<meta name=\"twitter:label1\" content=\"Written by\" \/>\n\t<meta name=\"twitter:data1\" content=\"vestorach\" \/>\n\t<meta name=\"twitter:label2\" content=\"Est. reading time\" \/>\n\t<meta name=\"twitter:data2\" content=\"2 minutes\" \/>\n<script type=\"application\/ld+json\" class=\"yoast-schema-graph\">{\"@context\":\"https:\/\/schema.org\",\"@graph\":[{\"@type\":\"Article\",\"@id\":\"https:\/\/www.vanessaestorach.com\/est-de-moda-ser-emprendedor\/#article\",\"isPartOf\":{\"@id\":\"https:\/\/www.vanessaestorach.com\/est-de-moda-ser-emprendedor\/\"},\"author\":{\"name\":\"vestorach\",\"@id\":\"https:\/\/www.vanessaestorach.com\/#\/schema\/person\/e2482048d7983d00700241b2c5e1f108\"},\"headline\":\"\u00bfEst\u00e1 de moda ser emprendedor?\",\"datePublished\":\"2013-11-07T16:42:00+00:00\",\"mainEntityOfPage\":{\"@id\":\"https:\/\/www.vanessaestorach.com\/est-de-moda-ser-emprendedor\/\"},\"wordCount\":487,\"commentCount\":0,\"publisher\":{\"@id\":\"https:\/\/www.vanessaestorach.com\/#organization\"},\"image\":{\"@id\":\"https:\/\/www.vanessaestorach.com\/est-de-moda-ser-emprendedor\/#primaryimage\"},\"thumbnailUrl\":\"http:\/\/e-growing.com\/wp-content\/uploads\/2013\/11\/time-is-money-emprender-egrowing_thumb.jpg\",\"keywords\":[\"bootstrap\",\"bootstrapping\",\"emprendedor\",\"emprender\",\"entrepreneur\",\"financiaci\u00f3n\",\"startups\",\"tu oportunidad\"],\"articleSection\":[\"e-growing\"],\"inLanguage\":\"en-US\",\"potentialAction\":[{\"@type\":\"CommentAction\",\"name\":\"Comment\",\"target\":[\"https:\/\/www.vanessaestorach.com\/est-de-moda-ser-emprendedor\/#respond\"]}]},{\"@type\":\"WebPage\",\"@id\":\"https:\/\/www.vanessaestorach.com\/est-de-moda-ser-emprendedor\/\",\"url\":\"https:\/\/www.vanessaestorach.com\/est-de-moda-ser-emprendedor\/\",\"name\":\"\u00bfEst\u00e1 de moda ser emprendedor?\",\"isPartOf\":{\"@id\":\"https:\/\/www.vanessaestorach.com\/#website\"},\"primaryImageOfPage\":{\"@id\":\"https:\/\/www.vanessaestorach.com\/est-de-moda-ser-emprendedor\/#primaryimage\"},\"image\":{\"@id\":\"https:\/\/www.vanessaestorach.com\/est-de-moda-ser-emprendedor\/#primaryimage\"},\"thumbnailUrl\":\"http:\/\/e-growing.com\/wp-content\/uploads\/2013\/11\/time-is-money-emprender-egrowing_thumb.jpg\",\"datePublished\":\"2013-11-07T16:42:00+00:00\",\"description\":\"\u00bfEst\u00e1 de moda crear una startup e ir a buscar financiaci\u00f3n? Ahora parece que s\u00ed. Si no eres emprendedor no eres nadie. \u00bfO no?\",\"breadcrumb\":{\"@id\":\"https:\/\/www.vanessaestorach.com\/est-de-moda-ser-emprendedor\/#breadcrumb\"},\"inLanguage\":\"en-US\",\"potentialAction\":[{\"@type\":\"ReadAction\",\"target\":[\"https:\/\/www.vanessaestorach.com\/est-de-moda-ser-emprendedor\/\"]}]},{\"@type\":\"ImageObject\",\"inLanguage\":\"en-US\",\"@id\":\"https:\/\/www.vanessaestorach.com\/est-de-moda-ser-emprendedor\/#primaryimage\",\"url\":\"http:\/\/e-growing.com\/wp-content\/uploads\/2013\/11\/time-is-money-emprender-egrowing_thumb.jpg\",\"contentUrl\":\"http:\/\/e-growing.com\/wp-content\/uploads\/2013\/11\/time-is-money-emprender-egrowing_thumb.jpg\"},{\"@type\":\"BreadcrumbList\",\"@id\":\"https:\/\/www.vanessaestorach.com\/est-de-moda-ser-emprendedor\/#breadcrumb\",\"itemListElement\":[{\"@type\":\"ListItem\",\"position\":1,\"name\":\"Portada\",\"item\":\"https:\/\/www.vanessaestorach.com\/en\/\"},{\"@type\":\"ListItem\",\"position\":2,\"name\":\"\u00bfEst\u00e1 de moda ser emprendedor?\"}]},{\"@type\":\"WebSite\",\"@id\":\"https:\/\/www.vanessaestorach.com\/#website\",\"url\":\"https:\/\/www.vanessaestorach.com\/\",\"name\":\"Vanessa Estorach\",\"description\":\"\",\"publisher\":{\"@id\":\"https:\/\/www.vanessaestorach.com\/#organization\"},\"potentialAction\":[{\"@type\":\"SearchAction\",\"target\":{\"@type\":\"EntryPoint\",\"urlTemplate\":\"https:\/\/www.vanessaestorach.com\/?s={search_term_string}\"},\"query-input\":{\"@type\":\"PropertyValueSpecification\",\"valueRequired\":true,\"valueName\":\"search_term_string\"}}],\"inLanguage\":\"en-US\"},{\"@type\":\"Organization\",\"@id\":\"https:\/\/www.vanessaestorach.com\/#organization\",\"name\":\"Vanessa Estorach\",\"url\":\"https:\/\/www.vanessaestorach.com\/\",\"logo\":{\"@type\":\"ImageObject\",\"inLanguage\":\"en-US\",\"@id\":\"https:\/\/www.vanessaestorach.com\/#\/schema\/logo\/image\/\",\"url\":\"https:\/\/www.vanessaestorach.com\/wp-content\/uploads\/2018\/11\/cropped-vestorach-imagotip_COLOR.png\",\"contentUrl\":\"https:\/\/www.vanessaestorach.com\/wp-content\/uploads\/2018\/11\/cropped-vestorach-imagotip_COLOR.png\",\"width\":995,\"height\":995,\"caption\":\"Vanessa Estorach\"},\"image\":{\"@id\":\"https:\/\/www.vanessaestorach.com\/#\/schema\/logo\/image\/\"}},{\"@type\":\"Person\",\"@id\":\"https:\/\/www.vanessaestorach.com\/#\/schema\/person\/e2482048d7983d00700241b2c5e1f108\",\"name\":\"vestorach\",\"image\":{\"@type\":\"ImageObject\",\"inLanguage\":\"en-US\",\"@id\":\"https:\/\/www.vanessaestorach.com\/#\/schema\/person\/image\/\",\"url\":\"https:\/\/secure.gravatar.com\/avatar\/8e2d3ceeb204c44e012a97c887523a2c9a6bf557e94a46cd64e1a2ab67d1d81c?s=96&d=mm&r=g\",\"contentUrl\":\"https:\/\/secure.gravatar.com\/avatar\/8e2d3ceeb204c44e012a97c887523a2c9a6bf557e94a46cd64e1a2ab67d1d81c?s=96&d=mm&r=g\",\"caption\":\"vestorach\"},\"sameAs\":[\"https:\/\/www.vanessaestorach.com\",\"https:\/\/x.com\/vestorach\"],\"url\":\"https:\/\/www.vanessaestorach.com\/en\/author\/vestorach\/\"}]}<\/script>\n<!-- \/ Yoast SEO plugin. -->","yoast_head_json":{"title":"\u00bfEst\u00e1 de moda ser emprendedor?","description":"\u00bfEst\u00e1 de moda crear una startup e ir a buscar financiaci\u00f3n? Ahora parece que s\u00ed. Si no eres emprendedor no eres nadie. \u00bfO no?","robots":{"index":"index","follow":"follow","max-snippet":"max-snippet:-1","max-image-preview":"max-image-preview:large","max-video-preview":"max-video-preview:-1"},"canonical":"https:\/\/www.vanessaestorach.com\/est-de-moda-ser-emprendedor\/","og_locale":"en_US","og_type":"article","og_title":"\u00bfEst\u00e1 de moda ser emprendedor?","og_description":"\u00bfEst\u00e1 de moda crear una startup e ir a buscar financiaci\u00f3n? Ahora parece que s\u00ed. Si no eres emprendedor no eres nadie. \u00bfO no?","og_url":"https:\/\/www.vanessaestorach.com\/est-de-moda-ser-emprendedor\/","og_site_name":"Vanessa Estorach","article_published_time":"2013-11-07T16:42:00+00:00","og_image":[{"url":"http:\/\/e-growing.com\/wp-content\/uploads\/2013\/11\/time-is-money-emprender-egrowing_thumb.jpg","type":"","width":"","height":""}],"author":"vestorach","twitter_misc":{"Written by":"vestorach","Est. reading time":"2 minutes"},"schema":{"@context":"https:\/\/schema.org","@graph":[{"@type":"Article","@id":"https:\/\/www.vanessaestorach.com\/est-de-moda-ser-emprendedor\/#article","isPartOf":{"@id":"https:\/\/www.vanessaestorach.com\/est-de-moda-ser-emprendedor\/"},"author":{"name":"vestorach","@id":"https:\/\/www.vanessaestorach.com\/#\/schema\/person\/e2482048d7983d00700241b2c5e1f108"},"headline":"\u00bfEst\u00e1 de moda ser emprendedor?","datePublished":"2013-11-07T16:42:00+00:00","mainEntityOfPage":{"@id":"https:\/\/www.vanessaestorach.com\/est-de-moda-ser-emprendedor\/"},"wordCount":487,"commentCount":0,"publisher":{"@id":"https:\/\/www.vanessaestorach.com\/#organization"},"image":{"@id":"https:\/\/www.vanessaestorach.com\/est-de-moda-ser-emprendedor\/#primaryimage"},"thumbnailUrl":"http:\/\/e-growing.com\/wp-content\/uploads\/2013\/11\/time-is-money-emprender-egrowing_thumb.jpg","keywords":["bootstrap","bootstrapping","emprendedor","emprender","entrepreneur","financiaci\u00f3n","startups","tu oportunidad"],"articleSection":["e-growing"],"inLanguage":"en-US","potentialAction":[{"@type":"CommentAction","name":"Comment","target":["https:\/\/www.vanessaestorach.com\/est-de-moda-ser-emprendedor\/#respond"]}]},{"@type":"WebPage","@id":"https:\/\/www.vanessaestorach.com\/est-de-moda-ser-emprendedor\/","url":"https:\/\/www.vanessaestorach.com\/est-de-moda-ser-emprendedor\/","name":"\u00bfEst\u00e1 de moda ser emprendedor?","isPartOf":{"@id":"https:\/\/www.vanessaestorach.com\/#website"},"primaryImageOfPage":{"@id":"https:\/\/www.vanessaestorach.com\/est-de-moda-ser-emprendedor\/#primaryimage"},"image":{"@id":"https:\/\/www.vanessaestorach.com\/est-de-moda-ser-emprendedor\/#primaryimage"},"thumbnailUrl":"http:\/\/e-growing.com\/wp-content\/uploads\/2013\/11\/time-is-money-emprender-egrowing_thumb.jpg","datePublished":"2013-11-07T16:42:00+00:00","description":"\u00bfEst\u00e1 de moda crear una startup e ir a buscar financiaci\u00f3n? Ahora parece que s\u00ed. Si no eres emprendedor no eres nadie. \u00bfO no?","breadcrumb":{"@id":"https:\/\/www.vanessaestorach.com\/est-de-moda-ser-emprendedor\/#breadcrumb"},"inLanguage":"en-US","potentialAction":[{"@type":"ReadAction","target":["https:\/\/www.vanessaestorach.com\/est-de-moda-ser-emprendedor\/"]}]},{"@type":"ImageObject","inLanguage":"en-US","@id":"https:\/\/www.vanessaestorach.com\/est-de-moda-ser-emprendedor\/#primaryimage","url":"http:\/\/e-growing.com\/wp-content\/uploads\/2013\/11\/time-is-money-emprender-egrowing_thumb.jpg","contentUrl":"http:\/\/e-growing.com\/wp-content\/uploads\/2013\/11\/time-is-money-emprender-egrowing_thumb.jpg"},{"@type":"BreadcrumbList","@id":"https:\/\/www.vanessaestorach.com\/est-de-moda-ser-emprendedor\/#breadcrumb","itemListElement":[{"@type":"ListItem","position":1,"name":"Portada","item":"https:\/\/www.vanessaestorach.com\/en\/"},{"@type":"ListItem","position":2,"name":"\u00bfEst\u00e1 de moda ser emprendedor?"}]},{"@type":"WebSite","@id":"https:\/\/www.vanessaestorach.com\/#website","url":"https:\/\/www.vanessaestorach.com\/","name":"Vanessa Estorach","description":"","publisher":{"@id":"https:\/\/www.vanessaestorach.com\/#organization"},"potentialAction":[{"@type":"SearchAction","target":{"@type":"EntryPoint","urlTemplate":"https:\/\/www.vanessaestorach.com\/?s={search_term_string}"},"query-input":{"@type":"PropertyValueSpecification","valueRequired":true,"valueName":"search_term_string"}}],"inLanguage":"en-US"},{"@type":"Organization","@id":"https:\/\/www.vanessaestorach.com\/#organization","name":"Vanessa Estorach","url":"https:\/\/www.vanessaestorach.com\/","logo":{"@type":"ImageObject","inLanguage":"en-US","@id":"https:\/\/www.vanessaestorach.com\/#\/schema\/logo\/image\/","url":"https:\/\/www.vanessaestorach.com\/wp-content\/uploads\/2018\/11\/cropped-vestorach-imagotip_COLOR.png","contentUrl":"https:\/\/www.vanessaestorach.com\/wp-content\/uploads\/2018\/11\/cropped-vestorach-imagotip_COLOR.png","width":995,"height":995,"caption":"Vanessa Estorach"},"image":{"@id":"https:\/\/www.vanessaestorach.com\/#\/schema\/logo\/image\/"}},{"@type":"Person","@id":"https:\/\/www.vanessaestorach.com\/#\/schema\/person\/e2482048d7983d00700241b2c5e1f108","name":"vestorach","image":{"@type":"ImageObject","inLanguage":"en-US","@id":"https:\/\/www.vanessaestorach.com\/#\/schema\/person\/image\/","url":"https:\/\/secure.gravatar.com\/avatar\/8e2d3ceeb204c44e012a97c887523a2c9a6bf557e94a46cd64e1a2ab67d1d81c?s=96&d=mm&r=g","contentUrl":"https:\/\/secure.gravatar.com\/avatar\/8e2d3ceeb204c44e012a97c887523a2c9a6bf557e94a46cd64e1a2ab67d1d81c?s=96&d=mm&r=g","caption":"vestorach"},"sameAs":["https:\/\/www.vanessaestorach.com","https:\/\/x.com\/vestorach"],"url":"https:\/\/www.vanessaestorach.com\/en\/author\/vestorach\/"}]}},"_links":{"self":[{"href":"https:\/\/www.vanessaestorach.com\/en\/wp-json\/wp\/v2\/posts\/1181","targetHints":{"allow":["GET"]}}],"collection":[{"href":"https:\/\/www.vanessaestorach.com\/en\/wp-json\/wp\/v2\/posts"}],"about":[{"href":"https:\/\/www.vanessaestorach.com\/en\/wp-json\/wp\/v2\/types\/post"}],"author":[{"embeddable":true,"href":"https:\/\/www.vanessaestorach.com\/en\/wp-json\/wp\/v2\/users\/4"}],"replies":[{"embeddable":true,"href":"https:\/\/www.vanessaestorach.com\/en\/wp-json\/wp\/v2\/comments?post=1181"}],"version-history":[{"count":0,"href":"https:\/\/www.vanessaestorach.com\/en\/wp-json\/wp\/v2\/posts\/1181\/revisions"}],"wp:attachment":[{"href":"https:\/\/www.vanessaestorach.com\/en\/wp-json\/wp\/v2\/media?parent=1181"}],"wp:term":[{"taxonomy":"category","embeddable":true,"href":"https:\/\/www.vanessaestorach.com\/en\/wp-json\/wp\/v2\/categories?post=1181"},{"taxonomy":"post_tag","embeddable":true,"href":"https:\/\/www.vanessaestorach.com\/en\/wp-json\/wp\/v2\/tags?post=1181"}],"curies":[{"name":"wp","href":"https:\/\/api.w.org\/{rel}","templated":true}]}}