{"id":3109,"date":"2014-09-30T08:54:03","date_gmt":"2014-09-30T08:54:03","guid":{"rendered":"http:\/\/e-growing.com\/?p=3109"},"modified":"2014-09-30T08:54:03","modified_gmt":"2014-09-30T08:54:03","slug":"esta-tu-estrategia-adaptada-al-movil","status":"publish","type":"post","link":"https:\/\/www.vanessaestorach.com\/en\/esta-tu-estrategia-adaptada-al-movil\/","title":{"rendered":"\u00bfEst\u00e1 tu estrategia adaptada al m\u00f3vil?"},"content":{"rendered":"<p>Esta es una pregunta que muchas empresas se est\u00e1n haciendo. La situaci\u00f3n evoluciona y hoy d\u00eda ya no es suficiente con estar online sino que adem\u00e1s, tenemos que ser m\u00f3viles. Es un hecho que el <strong>55% de la poblaci\u00f3n<\/strong> espa\u00f1ola dispone de un Smartphone y, de todos estos, el 93% de personas lo utilizan de forma diaria en las siguientes situaciones:<\/p>\n<p><img loading=\"lazy\" decoding=\"async\" class=\"wp-image-3110 aligncenter\" src=\"http:\/\/e-growing.com\/wp-content\/uploads\/2014\/09\/ourmobileplanet-uso-smartphones-egrowing.jpg\" alt=\"ourmobileplanet-uso-smartphones-egrowing\" width=\"455\" height=\"527\" \/><\/p>\n<p>&nbsp;<\/p>\n<p>\u00bfY para qu\u00e9 utilizamos el m\u00f3vil? Principalmente para navegar, utilizar alguna aplicaci\u00f3n m\u00f3vil, enviar e-mails, hacer b\u00fasquedas y chequear las redes sociales.<\/p>\n<p><img loading=\"lazy\" decoding=\"async\" class=\"wp-image-3111 aligncenter\" src=\"http:\/\/e-growing.com\/wp-content\/uploads\/2014\/09\/ourmobileplanet-uso-smartphones-egrowing2.jpg\" alt=\"ourmobileplanet-uso-smartphones-egrowing2\" width=\"455\" height=\"644\" \/><\/p>\n<p>No est\u00e1 mal, \u00bfno crees? Teniendo en cuenta todas estas estad\u00edsticas, s\u00f3lo cabe a\u00f1adir que casi el 40% del tr\u00e1fico que reciben nuestras webs es m\u00f3vil (aunque esta cifra puede variar seg\u00fan en el sector en el que trabajes). Llegados a este punto, y ya para saber si la estrategia de tu empresa est\u00e1 adaptada al m\u00f3vil, hazte las siguientes preguntas:<\/p>\n<p>1) <strong>Web adaptada al m\u00f3vil<\/strong>: el tr\u00e1nsito a tu web desde dispositivos m\u00f3viles no parar\u00e1 de crecer. Puede que ahora s\u00f3lo represente el 25% (\u00bfs\u00f3lo?) pero se estima que en los pr\u00f3ximos trimestres siga increment\u00e1ndose. Si tu web no est\u00e1 adaptada, est\u00e1s invitando, involuntariamente a tu potencial contacto a abandonarla. \u00bfEstamos para dejar escapar contactos? \u00a1Yo creo que no! Es muy dif\u00edcil navegar desde el smartphone por una web no adaptada y muchas veces es tan f\u00e1cil como utilizar una plantilla responsive design. \u00a1No es necesario hacer y mantener dos p\u00e1ginas web!<\/p>\n<p>2) <strong>Redes sociales m\u00f3viles<\/strong>: Tanto Facebook como Twitter son cada vez m\u00e1s visuales. Esto lo sabemos. Lo que en algunos casos no tenemos en cuenta es que desde los dispositivos m\u00f3viles a\u00fan somos m\u00e1s visuales (y menos lectores). En muchos casos, especialmente en Facebook, se publican post que tienen el &#8220;leer m\u00e1s&#8221;. Tened en cuenta que la mayor\u00eda de nosotros no leemos m\u00e1s, por lo que nuestras publicaciones deben ser muy visuales y con poco texto.<\/p>\n<p>3) <strong>Newsletter para el m\u00f3vil<\/strong>: el tercer uso de los smartphones lo hacemos cuando estamos &#8220;en marcha&#8221;. Y muchas veces, al estar en el metro tenemos mala conexi\u00f3n. Las im\u00e1genes en las newsletters para ser abiertas desde dispositivos m\u00f3viles deben pesar muy poco. La newsletter ideal para abrirse desde el m\u00f3vil tiene poco texto, una imagen peque\u00f1a y un claro bot\u00f3n de call-to-action.<\/p>\n<p>4) <strong>Aplicaci\u00f3n m\u00f3vil<\/strong>: \u00bfNecesita mi empresa una aplicaci\u00f3n? No siempre es as\u00ed. Si realmente la queremos desarrollar debemos tener muy claro el valor a\u00f1adido que aportar\u00e1 (pod\u00e9is leer m\u00e1s sobre\u00a0<a title=\"aplicaciones corporativas\" href=\"http:\/\/e-growing.com\/cmo-tener-xito-con-tu-aplicacin-mvil-corporativa\/\" target=\"_blank\">aplicaciones corporativas <\/a>en este post) ya que existen casi 3\u00a0millones de aplicaciones en los diferentes markets.<\/p>\n<p>La estrategia m\u00f3vil de tu empresa no queda aqu\u00ed pero s\u00ed debes empezar, paso a paso, pregunt\u00e1ndote si tienes adaptados los medios actuales de la empresa al m\u00f3vil antes de hacer ning\u00fan gran salto.<\/p>\n<p>Si quieres\u00a0saber m\u00e1s\u00a0datos sobre la movilidad en Espa\u00f1a, os recomiendo que entr\u00e9is en <a title=\"Our Mobile Planet\" href=\"http:\/\/think.withgoogle.com\/mobileplanet\/en\/\" target=\"_blank\">Our Mobile Planet<\/a> de Google. Los datos de este post est\u00e1n sacados de esta misma p\u00e1gina.<\/p>\n<p>Photo Credit: <a href=\"https:\/\/www.flickr.com\/photos\/46151146@N04\/9754012931\/\">Takashi(aes256)<\/a> via <a href=\"http:\/\/compfight.com\">Compfight<\/a> <a href=\"https:\/\/creativecommons.org\/licenses\/by-sa\/2.0\/\">cc<\/a><\/p>\n","protected":false},"excerpt":{"rendered":"<p>Esta es una pregunta que muchas empresas se est\u00e1n haciendo. La situaci\u00f3n evoluciona y hoy d\u00eda ya no es suficiente con estar online sino que adem\u00e1s, tenemos que ser m\u00f3viles. Es un hecho que el 55% de la poblaci\u00f3n espa\u00f1ola dispone de un Smartphone y, de todos estos, el 93% de personas lo utilizan de&#8230;<\/p>\n","protected":false},"author":4,"featured_media":3112,"comment_status":"open","ping_status":"open","sticky":false,"template":"","format":"standard","meta":{"_acf_changed":false,"footnotes":""},"categories":[37],"tags":[226,83,26,198,227],"class_list":["post-3109","post","type-post","status-publish","format-standard","has-post-thumbnail","hentry","category-mobile-marketing","tag-aplicacion-movil","tag-estrategia-movil","tag-redes-sociales","tag-responsive-design","tag-web-movil"],"acf":[],"yoast_head":"<!-- This site is optimized with the Yoast SEO plugin v26.6 - https:\/\/yoast.com\/wordpress\/plugins\/seo\/ -->\n<title>\u00bfEst\u00e1 tu estrategia adaptada al m\u00f3vil? - Vanessa Estorach<\/title>\n<meta name=\"description\" content=\"Es necesario tener la estrategia adaptada al m\u00f3vil de nuestras empresas para as\u00ed poder llegar mejor a nuestros usuarios.\" \/>\n<meta name=\"robots\" content=\"index, follow, max-snippet:-1, max-image-preview:large, max-video-preview:-1\" \/>\n<link rel=\"canonical\" href=\"https:\/\/www.vanessaestorach.com\/en\/esta-tu-estrategia-adaptada-al-movil\/\" \/>\n<meta property=\"og:locale\" content=\"en_US\" \/>\n<meta property=\"og:type\" content=\"article\" \/>\n<meta property=\"og:title\" content=\"\u00bfEst\u00e1 tu estrategia adaptada al m\u00f3vil? - Vanessa Estorach\" \/>\n<meta property=\"og:description\" content=\"Es necesario tener la estrategia adaptada al m\u00f3vil de nuestras empresas para as\u00ed poder llegar mejor a nuestros usuarios.\" \/>\n<meta property=\"og:url\" content=\"https:\/\/www.vanessaestorach.com\/en\/esta-tu-estrategia-adaptada-al-movil\/\" \/>\n<meta property=\"og:site_name\" content=\"Vanessa Estorach\" \/>\n<meta property=\"article:published_time\" content=\"2014-09-30T08:54:03+00:00\" \/>\n<meta property=\"og:image\" content=\"https:\/\/www.vanessaestorach.com\/wp-content\/uploads\/2014\/09\/estrategia-corporativa-movil-egrowing.jpg\" \/>\n\t<meta property=\"og:image:width\" content=\"1024\" \/>\n\t<meta property=\"og:image:height\" content=\"387\" \/>\n\t<meta property=\"og:image:type\" content=\"image\/jpeg\" \/>\n<meta name=\"author\" content=\"vestorach\" \/>\n<meta name=\"twitter:label1\" content=\"Written by\" \/>\n\t<meta name=\"twitter:data1\" content=\"vestorach\" \/>\n\t<meta name=\"twitter:label2\" content=\"Est. reading time\" \/>\n\t<meta name=\"twitter:data2\" content=\"3 minutes\" \/>\n<script type=\"application\/ld+json\" class=\"yoast-schema-graph\">{\"@context\":\"https:\/\/schema.org\",\"@graph\":[{\"@type\":\"Article\",\"@id\":\"https:\/\/www.vanessaestorach.com\/en\/esta-tu-estrategia-adaptada-al-movil\/#article\",\"isPartOf\":{\"@id\":\"https:\/\/www.vanessaestorach.com\/en\/esta-tu-estrategia-adaptada-al-movil\/\"},\"author\":{\"name\":\"vestorach\",\"@id\":\"https:\/\/www.vanessaestorach.com\/#\/schema\/person\/e2482048d7983d00700241b2c5e1f108\"},\"headline\":\"\u00bfEst\u00e1 tu estrategia adaptada al m\u00f3vil?\",\"datePublished\":\"2014-09-30T08:54:03+00:00\",\"mainEntityOfPage\":{\"@id\":\"https:\/\/www.vanessaestorach.com\/en\/esta-tu-estrategia-adaptada-al-movil\/\"},\"wordCount\":552,\"commentCount\":0,\"publisher\":{\"@id\":\"https:\/\/www.vanessaestorach.com\/#organization\"},\"image\":{\"@id\":\"https:\/\/www.vanessaestorach.com\/en\/esta-tu-estrategia-adaptada-al-movil\/#primaryimage\"},\"thumbnailUrl\":\"https:\/\/www.vanessaestorach.com\/wp-content\/uploads\/2014\/09\/estrategia-corporativa-movil-egrowing.jpg\",\"keywords\":[\"aplicaci\u00f3n m\u00f3vil\",\"estrategia m\u00f3vil\",\"redes sociales\",\"responsive design\",\"web m\u00f3vil\"],\"articleSection\":[\"Mobile Marketing\"],\"inLanguage\":\"en-US\",\"potentialAction\":[{\"@type\":\"CommentAction\",\"name\":\"Comment\",\"target\":[\"https:\/\/www.vanessaestorach.com\/en\/esta-tu-estrategia-adaptada-al-movil\/#respond\"]}]},{\"@type\":\"WebPage\",\"@id\":\"https:\/\/www.vanessaestorach.com\/en\/esta-tu-estrategia-adaptada-al-movil\/\",\"url\":\"https:\/\/www.vanessaestorach.com\/en\/esta-tu-estrategia-adaptada-al-movil\/\",\"name\":\"\u00bfEst\u00e1 tu estrategia adaptada al m\u00f3vil? - Vanessa Estorach\",\"isPartOf\":{\"@id\":\"https:\/\/www.vanessaestorach.com\/#website\"},\"primaryImageOfPage\":{\"@id\":\"https:\/\/www.vanessaestorach.com\/en\/esta-tu-estrategia-adaptada-al-movil\/#primaryimage\"},\"image\":{\"@id\":\"https:\/\/www.vanessaestorach.com\/en\/esta-tu-estrategia-adaptada-al-movil\/#primaryimage\"},\"thumbnailUrl\":\"https:\/\/www.vanessaestorach.com\/wp-content\/uploads\/2014\/09\/estrategia-corporativa-movil-egrowing.jpg\",\"datePublished\":\"2014-09-30T08:54:03+00:00\",\"description\":\"Es necesario tener la estrategia adaptada al m\u00f3vil de nuestras empresas para as\u00ed poder llegar mejor a nuestros usuarios.\",\"breadcrumb\":{\"@id\":\"https:\/\/www.vanessaestorach.com\/en\/esta-tu-estrategia-adaptada-al-movil\/#breadcrumb\"},\"inLanguage\":\"en-US\",\"potentialAction\":[{\"@type\":\"ReadAction\",\"target\":[\"https:\/\/www.vanessaestorach.com\/en\/esta-tu-estrategia-adaptada-al-movil\/\"]}]},{\"@type\":\"ImageObject\",\"inLanguage\":\"en-US\",\"@id\":\"https:\/\/www.vanessaestorach.com\/en\/esta-tu-estrategia-adaptada-al-movil\/#primaryimage\",\"url\":\"https:\/\/www.vanessaestorach.com\/wp-content\/uploads\/2014\/09\/estrategia-corporativa-movil-egrowing.jpg\",\"contentUrl\":\"https:\/\/www.vanessaestorach.com\/wp-content\/uploads\/2014\/09\/estrategia-corporativa-movil-egrowing.jpg\",\"width\":1024,\"height\":387},{\"@type\":\"BreadcrumbList\",\"@id\":\"https:\/\/www.vanessaestorach.com\/en\/esta-tu-estrategia-adaptada-al-movil\/#breadcrumb\",\"itemListElement\":[{\"@type\":\"ListItem\",\"position\":1,\"name\":\"Portada\",\"item\":\"https:\/\/www.vanessaestorach.com\/en\/\"},{\"@type\":\"ListItem\",\"position\":2,\"name\":\"\u00bfEst\u00e1 tu estrategia adaptada al m\u00f3vil?\"}]},{\"@type\":\"WebSite\",\"@id\":\"https:\/\/www.vanessaestorach.com\/#website\",\"url\":\"https:\/\/www.vanessaestorach.com\/\",\"name\":\"Vanessa Estorach\",\"description\":\"\",\"publisher\":{\"@id\":\"https:\/\/www.vanessaestorach.com\/#organization\"},\"potentialAction\":[{\"@type\":\"SearchAction\",\"target\":{\"@type\":\"EntryPoint\",\"urlTemplate\":\"https:\/\/www.vanessaestorach.com\/?s={search_term_string}\"},\"query-input\":{\"@type\":\"PropertyValueSpecification\",\"valueRequired\":true,\"valueName\":\"search_term_string\"}}],\"inLanguage\":\"en-US\"},{\"@type\":\"Organization\",\"@id\":\"https:\/\/www.vanessaestorach.com\/#organization\",\"name\":\"Vanessa Estorach\",\"url\":\"https:\/\/www.vanessaestorach.com\/\",\"logo\":{\"@type\":\"ImageObject\",\"inLanguage\":\"en-US\",\"@id\":\"https:\/\/www.vanessaestorach.com\/#\/schema\/logo\/image\/\",\"url\":\"https:\/\/www.vanessaestorach.com\/wp-content\/uploads\/2018\/11\/cropped-vestorach-imagotip_COLOR.png\",\"contentUrl\":\"https:\/\/www.vanessaestorach.com\/wp-content\/uploads\/2018\/11\/cropped-vestorach-imagotip_COLOR.png\",\"width\":995,\"height\":995,\"caption\":\"Vanessa Estorach\"},\"image\":{\"@id\":\"https:\/\/www.vanessaestorach.com\/#\/schema\/logo\/image\/\"}},{\"@type\":\"Person\",\"@id\":\"https:\/\/www.vanessaestorach.com\/#\/schema\/person\/e2482048d7983d00700241b2c5e1f108\",\"name\":\"vestorach\",\"image\":{\"@type\":\"ImageObject\",\"inLanguage\":\"en-US\",\"@id\":\"https:\/\/www.vanessaestorach.com\/#\/schema\/person\/image\/\",\"url\":\"https:\/\/secure.gravatar.com\/avatar\/8e2d3ceeb204c44e012a97c887523a2c9a6bf557e94a46cd64e1a2ab67d1d81c?s=96&d=mm&r=g\",\"contentUrl\":\"https:\/\/secure.gravatar.com\/avatar\/8e2d3ceeb204c44e012a97c887523a2c9a6bf557e94a46cd64e1a2ab67d1d81c?s=96&d=mm&r=g\",\"caption\":\"vestorach\"},\"sameAs\":[\"https:\/\/www.vanessaestorach.com\",\"https:\/\/x.com\/vestorach\"],\"url\":\"https:\/\/www.vanessaestorach.com\/en\/author\/vestorach\/\"}]}<\/script>\n<!-- \/ Yoast SEO plugin. -->","yoast_head_json":{"title":"\u00bfEst\u00e1 tu estrategia adaptada al m\u00f3vil? - Vanessa Estorach","description":"Es necesario tener la estrategia adaptada al m\u00f3vil de nuestras empresas para as\u00ed poder llegar mejor a nuestros usuarios.","robots":{"index":"index","follow":"follow","max-snippet":"max-snippet:-1","max-image-preview":"max-image-preview:large","max-video-preview":"max-video-preview:-1"},"canonical":"https:\/\/www.vanessaestorach.com\/en\/esta-tu-estrategia-adaptada-al-movil\/","og_locale":"en_US","og_type":"article","og_title":"\u00bfEst\u00e1 tu estrategia adaptada al m\u00f3vil? - Vanessa Estorach","og_description":"Es necesario tener la estrategia adaptada al m\u00f3vil de nuestras empresas para as\u00ed poder llegar mejor a nuestros usuarios.","og_url":"https:\/\/www.vanessaestorach.com\/en\/esta-tu-estrategia-adaptada-al-movil\/","og_site_name":"Vanessa Estorach","article_published_time":"2014-09-30T08:54:03+00:00","og_image":[{"width":1024,"height":387,"url":"https:\/\/www.vanessaestorach.com\/wp-content\/uploads\/2014\/09\/estrategia-corporativa-movil-egrowing.jpg","type":"image\/jpeg"}],"author":"vestorach","twitter_misc":{"Written by":"vestorach","Est. reading time":"3 minutes"},"schema":{"@context":"https:\/\/schema.org","@graph":[{"@type":"Article","@id":"https:\/\/www.vanessaestorach.com\/en\/esta-tu-estrategia-adaptada-al-movil\/#article","isPartOf":{"@id":"https:\/\/www.vanessaestorach.com\/en\/esta-tu-estrategia-adaptada-al-movil\/"},"author":{"name":"vestorach","@id":"https:\/\/www.vanessaestorach.com\/#\/schema\/person\/e2482048d7983d00700241b2c5e1f108"},"headline":"\u00bfEst\u00e1 tu estrategia adaptada al m\u00f3vil?","datePublished":"2014-09-30T08:54:03+00:00","mainEntityOfPage":{"@id":"https:\/\/www.vanessaestorach.com\/en\/esta-tu-estrategia-adaptada-al-movil\/"},"wordCount":552,"commentCount":0,"publisher":{"@id":"https:\/\/www.vanessaestorach.com\/#organization"},"image":{"@id":"https:\/\/www.vanessaestorach.com\/en\/esta-tu-estrategia-adaptada-al-movil\/#primaryimage"},"thumbnailUrl":"https:\/\/www.vanessaestorach.com\/wp-content\/uploads\/2014\/09\/estrategia-corporativa-movil-egrowing.jpg","keywords":["aplicaci\u00f3n m\u00f3vil","estrategia m\u00f3vil","redes sociales","responsive design","web m\u00f3vil"],"articleSection":["Mobile Marketing"],"inLanguage":"en-US","potentialAction":[{"@type":"CommentAction","name":"Comment","target":["https:\/\/www.vanessaestorach.com\/en\/esta-tu-estrategia-adaptada-al-movil\/#respond"]}]},{"@type":"WebPage","@id":"https:\/\/www.vanessaestorach.com\/en\/esta-tu-estrategia-adaptada-al-movil\/","url":"https:\/\/www.vanessaestorach.com\/en\/esta-tu-estrategia-adaptada-al-movil\/","name":"\u00bfEst\u00e1 tu estrategia adaptada al m\u00f3vil? - Vanessa Estorach","isPartOf":{"@id":"https:\/\/www.vanessaestorach.com\/#website"},"primaryImageOfPage":{"@id":"https:\/\/www.vanessaestorach.com\/en\/esta-tu-estrategia-adaptada-al-movil\/#primaryimage"},"image":{"@id":"https:\/\/www.vanessaestorach.com\/en\/esta-tu-estrategia-adaptada-al-movil\/#primaryimage"},"thumbnailUrl":"https:\/\/www.vanessaestorach.com\/wp-content\/uploads\/2014\/09\/estrategia-corporativa-movil-egrowing.jpg","datePublished":"2014-09-30T08:54:03+00:00","description":"Es necesario tener la estrategia adaptada al m\u00f3vil de nuestras empresas para as\u00ed poder llegar mejor a nuestros usuarios.","breadcrumb":{"@id":"https:\/\/www.vanessaestorach.com\/en\/esta-tu-estrategia-adaptada-al-movil\/#breadcrumb"},"inLanguage":"en-US","potentialAction":[{"@type":"ReadAction","target":["https:\/\/www.vanessaestorach.com\/en\/esta-tu-estrategia-adaptada-al-movil\/"]}]},{"@type":"ImageObject","inLanguage":"en-US","@id":"https:\/\/www.vanessaestorach.com\/en\/esta-tu-estrategia-adaptada-al-movil\/#primaryimage","url":"https:\/\/www.vanessaestorach.com\/wp-content\/uploads\/2014\/09\/estrategia-corporativa-movil-egrowing.jpg","contentUrl":"https:\/\/www.vanessaestorach.com\/wp-content\/uploads\/2014\/09\/estrategia-corporativa-movil-egrowing.jpg","width":1024,"height":387},{"@type":"BreadcrumbList","@id":"https:\/\/www.vanessaestorach.com\/en\/esta-tu-estrategia-adaptada-al-movil\/#breadcrumb","itemListElement":[{"@type":"ListItem","position":1,"name":"Portada","item":"https:\/\/www.vanessaestorach.com\/en\/"},{"@type":"ListItem","position":2,"name":"\u00bfEst\u00e1 tu estrategia adaptada al m\u00f3vil?"}]},{"@type":"WebSite","@id":"https:\/\/www.vanessaestorach.com\/#website","url":"https:\/\/www.vanessaestorach.com\/","name":"Vanessa Estorach","description":"","publisher":{"@id":"https:\/\/www.vanessaestorach.com\/#organization"},"potentialAction":[{"@type":"SearchAction","target":{"@type":"EntryPoint","urlTemplate":"https:\/\/www.vanessaestorach.com\/?s={search_term_string}"},"query-input":{"@type":"PropertyValueSpecification","valueRequired":true,"valueName":"search_term_string"}}],"inLanguage":"en-US"},{"@type":"Organization","@id":"https:\/\/www.vanessaestorach.com\/#organization","name":"Vanessa Estorach","url":"https:\/\/www.vanessaestorach.com\/","logo":{"@type":"ImageObject","inLanguage":"en-US","@id":"https:\/\/www.vanessaestorach.com\/#\/schema\/logo\/image\/","url":"https:\/\/www.vanessaestorach.com\/wp-content\/uploads\/2018\/11\/cropped-vestorach-imagotip_COLOR.png","contentUrl":"https:\/\/www.vanessaestorach.com\/wp-content\/uploads\/2018\/11\/cropped-vestorach-imagotip_COLOR.png","width":995,"height":995,"caption":"Vanessa Estorach"},"image":{"@id":"https:\/\/www.vanessaestorach.com\/#\/schema\/logo\/image\/"}},{"@type":"Person","@id":"https:\/\/www.vanessaestorach.com\/#\/schema\/person\/e2482048d7983d00700241b2c5e1f108","name":"vestorach","image":{"@type":"ImageObject","inLanguage":"en-US","@id":"https:\/\/www.vanessaestorach.com\/#\/schema\/person\/image\/","url":"https:\/\/secure.gravatar.com\/avatar\/8e2d3ceeb204c44e012a97c887523a2c9a6bf557e94a46cd64e1a2ab67d1d81c?s=96&d=mm&r=g","contentUrl":"https:\/\/secure.gravatar.com\/avatar\/8e2d3ceeb204c44e012a97c887523a2c9a6bf557e94a46cd64e1a2ab67d1d81c?s=96&d=mm&r=g","caption":"vestorach"},"sameAs":["https:\/\/www.vanessaestorach.com","https:\/\/x.com\/vestorach"],"url":"https:\/\/www.vanessaestorach.com\/en\/author\/vestorach\/"}]}},"_links":{"self":[{"href":"https:\/\/www.vanessaestorach.com\/en\/wp-json\/wp\/v2\/posts\/3109","targetHints":{"allow":["GET"]}}],"collection":[{"href":"https:\/\/www.vanessaestorach.com\/en\/wp-json\/wp\/v2\/posts"}],"about":[{"href":"https:\/\/www.vanessaestorach.com\/en\/wp-json\/wp\/v2\/types\/post"}],"author":[{"embeddable":true,"href":"https:\/\/www.vanessaestorach.com\/en\/wp-json\/wp\/v2\/users\/4"}],"replies":[{"embeddable":true,"href":"https:\/\/www.vanessaestorach.com\/en\/wp-json\/wp\/v2\/comments?post=3109"}],"version-history":[{"count":0,"href":"https:\/\/www.vanessaestorach.com\/en\/wp-json\/wp\/v2\/posts\/3109\/revisions"}],"wp:featuredmedia":[{"embeddable":true,"href":"https:\/\/www.vanessaestorach.com\/en\/wp-json\/wp\/v2\/media\/3112"}],"wp:attachment":[{"href":"https:\/\/www.vanessaestorach.com\/en\/wp-json\/wp\/v2\/media?parent=3109"}],"wp:term":[{"taxonomy":"category","embeddable":true,"href":"https:\/\/www.vanessaestorach.com\/en\/wp-json\/wp\/v2\/categories?post=3109"},{"taxonomy":"post_tag","embeddable":true,"href":"https:\/\/www.vanessaestorach.com\/en\/wp-json\/wp\/v2\/tags?post=3109"}],"curies":[{"name":"wp","href":"https:\/\/api.w.org\/{rel}","templated":true}]}}