{"id":3606,"date":"2016-01-18T12:57:11","date_gmt":"2016-01-18T12:57:11","guid":{"rendered":"http:\/\/e-growing.com\/?p=3606"},"modified":"2016-01-18T12:57:11","modified_gmt":"2016-01-18T12:57:11","slug":"7-cosas-que-no-puedes-perderte-en-el-mwc-2016","status":"publish","type":"post","link":"https:\/\/www.vanessaestorach.com\/en\/7-cosas-que-no-puedes-perderte-en-el-mwc-2016\/","title":{"rendered":"7 cosas que no puedes perderte en el MWC 2016"},"content":{"rendered":"<p class=\"p1\">Queda justo un mes m\u00e1s o menos para que empiece el evento m\u00e1s esperado de la tecnolog\u00eda m\u00f3vil en el mundo: el <a href=\"http:\/\/www.mobileworldcongress.com\/\" target=\"_blank\">Mobile World Congress<\/a>\u00a0(MWC) congreso en el que a\u00f1o tras a\u00f1o pasan los lanzamientos y novedades m\u00e1s esperados del sector. Esta nueva edici\u00f3n, la n\u00famero once que se realiza en Barcelona, tendr\u00e1 lugar del <strong>22 al 25 de febrero<\/strong>, convirtiendo a la ciudad condal en la capital mundial de la industria mobile.<\/p>\n<p class=\"p1\">Seg\u00fan datos de la Fira de Barcelona, el pasado a\u00f1o el congreso recibi\u00f3 la visita de cerca de <strong>94.000 asistentes<\/strong>, que se dice pronto. Esta edici\u00f3n no ser\u00e1 para menos y las casi 100.000 personas que se esperan podr\u00e1n ver lo que ofrecen los m\u00e1s de 2.000 expositores de la feria.\u00a0El evento recibe adem\u00e1s la visita de m\u00e1s de 140 conferenciantes exclusivos y en \u00e9l se presentan en primicia de nuevos productos y soluciones tecnol\u00f3gicas, convirti\u00e9ndolo en uno de los m\u00e1s suculentos del a\u00f1o a nivel tecnol\u00f3gico.<\/p>\n<p class=\"p1\">[Tweet &#8220;El #MWC16 espera cerca de\u00a0100.000 asistentes, 2.000 expositores y 140 conferenciantes exclusivos.&#8221;]<\/p>\n<p class=\"p1\">El equipo de e-growing no va a perderse esta cita tan esperada, y como ya empezamos a ser veteranos en el <a href=\"http:\/\/www.mobileworldcongress.com\/\">MWC<\/a> y sabemos que es importante optimizar el tiempo en eventos tan grandes, os dejamos con nuestro <strong>Top 7 de actos, actividades y presentaciones<\/strong> que no deber\u00edas perderte. \u00a1Pero ojo! Todav\u00eda estamos a la espera de confirmaciones oficiales, as\u00ed que nos basamos en nuestro olfato tecnol\u00f3gico, en los rumores de los colegas del sector y en las ganas de que de verdad podamos ver algunos de estos lanzamientos en primicia. All\u00e1 vamos:<\/p>\n<h2>1. Queremos\u00a0probar la app del MWC<\/h2>\n<p>Sobre todo lo que nos interesa es experimentar de primera mano el registro para acceder al Congreso. Y es que Icar, una <em>spin-off<\/em> de la <a href=\"http:\/\/www.uab.cat\/web\/noticias\/detalle-de-noticia\/la-empresa-icar-validara-la-identidad-de-los-asistentes-al-mobile-world-congress-1345468738526.html?noticiaid=1345696750010\" target=\"_blank\">UAB (Universitat Aut\u00f2noma de Barcelona)<\/a>, es la encargada de validar la identidad de los asistentes. Su sistema permite que podamos registrarnos utilizando la app del MWC en un tiempo de dos segundos de forma autom\u00e1tica y, seg\u00fan dicen, esto tiene un <strong>\u00edndice de fiabilidad del 99%<\/strong>. Incre\u00edble, \u00bfverdad? Sin duda agilizar\u00e1 el proceso y evitaremos colas en la recepci\u00f3n.<\/p>\n<h2>2. LG y sus sorpresas<\/h2>\n<p>De esta compa\u00f1\u00eda s\u00ed hay confirmaci\u00f3n oficial. Hace apenas unos d\u00edas el fabricante surcoreano public\u00f3 su campa\u00f1a<i> teaser<\/i> que muestra una caja de m\u00fasica e indica que el pr\u00f3ximo 21 de febrero a las 14h comienza el juego. Algo va a ocurrir ese d\u00eda en el Mobile World Congress. \u00bfSer\u00e1 un tel\u00e9fono m\u00f3vil de gama alta? <strong>\u00bfSer\u00e1 el G Flex 3? \u00bfEl esperado LG G5? \u00bfSer\u00e1 otro modelo distinto?<\/strong> Lo que s\u00ed dicen es que este nuevo smartphone va a convertirse en su \u2018buque insignia\u2019. Estaremos en primera fila.<\/p>\n<figure id=\"attachment_3781\" aria-describedby=\"caption-attachment-3781\" style=\"width: 700px\" class=\"wp-caption aligncenter\"><img loading=\"lazy\" decoding=\"async\" class=\"wp-image-3781 size-full\" src=\"http:\/\/e-growing.com\/wp-content\/uploads\/2016\/01\/lg-play-mwc.jpg\" alt=\"LG lanzaba la campa\u00f1a teaser hace unos d\u00edas bajo el t\u00edtulo &quot;play begins,&quot; comienza el juego\" width=\"700\" height=\"525\" \/><figcaption id=\"caption-attachment-3781\" class=\"wp-caption-text\">LG lanzaba la campa\u00f1a teaser hace unos d\u00edas bajo el t\u00edtulo &#8220;play begins,&#8221; comienza el juego<\/figcaption><\/figure>\n<h2>3. Samsung y los rumores de un nuevo Galaxy<\/h2>\n<p>Este a\u00f1o vemos un poco m\u00e1s dif\u00edcil que presenten en la feria un nuevo modelo de <i>smartphone<\/i>, como ya hicieron en 2014 con el Galaxy S5 y la pasada edici\u00f3n con el Galaxy S6.\u00a0Pero tampoco ser\u00eda descabellado que nos sorprendieran con el lanzamiento de un nuevo terminal. Adem\u00e1s tres es un n\u00famero redondo, \u00bfno?<\/p>\n<h2>4. BlackBerry y su reafirmaci\u00f3n con Android<\/h2>\n<p>Despu\u00e9s de que BlackBerry diera el paso de mudar su sistema operativo a Android con el <strong>BlackBerry Priv,<\/strong> disponible en Espa\u00f1a desde principios de este a\u00f1o, \u00bfqui\u00e9n dice que aprovechar\u00e1n el MWC para lanzar un nuevo dispositivo, esta vez de gama media? Seg\u00fan los rumores, la compa\u00f1\u00eda canadiense podr\u00eda dar la sorpresa de este a\u00f1o y lanzar un mensaje al mundo: vamos a seguir compitiendo\u00a0en el mercado de la tecnolog\u00eda m\u00f3vil.<\/p>\n<h2>5. \u00bfAprovechar\u00e1 Microsoft el MWC?<\/h2>\n<p>El Mobile World Congress ser\u00eda tambi\u00e9n una buena oportunidad para que Microsoft presente el<strong> nuevo Lumia 750<\/strong> o incluso dos a la vez con el Lumia 850, como se\u00f1alan muchos rumor\u00f3logos.\u00a0Veremos qu\u00e9 ocurre en los pr\u00f3ximos d\u00edas, pero habr\u00e1 que esperar a la cita para saber de verdad si nos tiene alguna sorpresa preparada.<\/p>\n<h2>6. Y no nos olvidemos de las conferencias.<\/h2>\n<p>Hemos revisado la <a href=\"http:\/\/www.mobileworldcongress.com\/start-here\/agenda\/#monday\" target=\"_blank\">lista de conferencias<\/a> y as\u00ed a primera vista nos interesa qu\u00e9 tiene que decir <a href=\"http:\/\/www.mobileworldcongress.com\/session\/adobe-mobile-is-the-strategy-how-to-drive-successful-mobile-engagement-through-apps\/\" target=\"_blank\">Adobe<\/a> sobre c\u00f3mo conseguir m\u00e1s engagement a trav\u00e9s de las aplicaciones m\u00f3viles o lo que tienen que contarnos de nuevo personalidades como <a href=\"http:\/\/www.mobileworldcongress.com\/conference\/keynote-speakers\/\">Dan Schulman, CEO de PayPal<\/a>, <a href=\"http:\/\/www.mobileworldcongress.com\/conference\/keynote-speakers\/\">Vitorio Colao, Jefe Ejecutivo de Vodafone<\/a> o <a href=\"http:\/\/www.mobileworldcongress.com\/conference\/keynote-speakers\/\" target=\"_blank\">Anthony Lake, Director Ejecutivo de UNICE<\/a>F. Tambi\u00e9n formaremos parte de alguno de los seminarios pr\u00e1cticos y eventos de networking, esos son siempre de lo m\u00e1s productivos y qui\u00e9n sabe, quiz\u00e1s llegamos a conocernos. Por \u00faltimo recomendamos el ciclo de conferencias <a href=\"http:\/\/www.mobileworldcongress.com\/session\/mobile-innovation-campaign-1-mwc2016-the-innovation-of-things\/\" target=\"_blank\">Mobile Innovation Campaing<\/a> para escoger, de entre las 60 mejores star-ups finalistas del a\u00f1o, aquella que presente el producto o servicio m\u00e1s innovador. La compa\u00f1\u00eda ganadora ser\u00e1 invitada a asistir al MWC del pr\u00f3ximo a\u00f1o.<\/p>\n<p>[Tweet &#8220;En el #MWC16 se escoger\u00e1 la start-up m\u00e1s innovadora del a\u00f1o de\u00a0un total de\u00a060 participantes&#8221;]<\/p>\n<h2>7. Garmin y su desaf\u00edo.<\/h2>\n<p>Un a\u00f1o m\u00e1s queremos formar parte de la iniciativa\u00a0<a href=\"http:\/\/www.mobileworldcongress.com\/news\/blog\/garmin-healthband-challenge\/\" target=\"_blank\">Garmin Healthband Challenge<\/a> en la que podremos seguir, a trav\u00e9s de unos monitores instalados en los pabellones, nuestra actividad f\u00edsica a lo largo de la feria y tambi\u00e9n en Barcelona. Porque no hay excusas para quedarse sentado.<\/p>\n<p>\u00bfQu\u00e9 os parecen las primeras propuestas? Como ver\u00e9is estas son algunas de las actividades que nos hemos apuntado en la agenda, algunas ya tienen hora y lugar en el programa, otras tendremos que esperar a que hayan confirmaciones oficiales, \u00a1os mantendremos informados!<\/p>\n<p>Lo que s\u00ed es seguro es que en el #MWC16 van a presentarse los productos, servicios y tecnolog\u00edas m\u00e1s innovadores del mercado de la industria m\u00f3vil, con marcas l\u00edderes pero tambi\u00e9n para nuevas propuestas e iniciativas que seguro van a dar mucho que hablar. Esperamos veros por all\u00ed en febrero, pero para los que no vais a poder asistir, \u00a1no dej\u00e9is de seguir nuestros posts! Y vosotros, \u00bfya sab\u00e9is cu\u00e1les son vuestros imperdibles? Nos vemos en el MWC.<\/p>\n","protected":false},"excerpt":{"rendered":"<p>Queda justo un mes m\u00e1s o menos para que empiece el evento m\u00e1s esperado de la tecnolog\u00eda m\u00f3vil en el mundo: el Mobile World Congress\u00a0(MWC) congreso en el que a\u00f1o tras a\u00f1o pasan los lanzamientos y novedades m\u00e1s esperados del sector. Esta nueva edici\u00f3n, la n\u00famero once que se realiza en Barcelona, tendr\u00e1 lugar del&#8230;<\/p>\n","protected":false},"author":7,"featured_media":3607,"comment_status":"open","ping_status":"open","sticky":false,"template":"","format":"standard","meta":{"_acf_changed":false,"footnotes":""},"categories":[32],"tags":[395,38,396,157,78,397,398,399,400,401,402,403,404,405,406,407,60,70,79,81,266,408,409,410,267,411,201,412,413,414,415],"class_list":["post-3606","post","type-post","status-publish","format-standard","has-post-thumbnail","hentry","category-eventos","tag-adobe","tag-android","tag-aplicaciones","tag-app","tag-barcelona","tag-blackberry","tag-conferencias","tag-congreso","tag-fira","tag-g-flex-3","tag-galaxy","tag-garmin","tag-icar","tag-lg","tag-lg-g5","tag-lumia","tag-microsoft","tag-mobile","tag-mobile-world-congress","tag-movil","tag-mwc","tag-mwc2016","tag-paypal","tag-play","tag-samsung","tag-spin-off","tag-tecnologia","tag-uab","tag-unicef","tag-unicfe","tag-vodafone"],"acf":[],"yoast_head":"<!-- This site is optimized with the Yoast SEO plugin v26.6 - https:\/\/yoast.com\/wordpress\/plugins\/seo\/ -->\n<title>7 cosas que no puedes perderte en el MWC 2016 - Vanessa Estorach<\/title>\n<meta name=\"description\" content=\"Una nueva edici\u00f3n del MWC est\u00e1 a punto de empezar, y para optimizar el tiempo en un evento como este, os dejamos con los 7 actos que no puedes perderte.\" \/>\n<meta name=\"robots\" content=\"index, follow, max-snippet:-1, max-image-preview:large, max-video-preview:-1\" \/>\n<link rel=\"canonical\" href=\"https:\/\/www.vanessaestorach.com\/en\/7-cosas-que-no-puedes-perderte-en-el-mwc-2016\/\" \/>\n<meta property=\"og:locale\" content=\"en_US\" \/>\n<meta property=\"og:type\" content=\"article\" \/>\n<meta property=\"og:title\" content=\"7 cosas que no puedes perderte en el MWC 2016 - Vanessa Estorach\" \/>\n<meta property=\"og:description\" content=\"Una nueva edici\u00f3n del MWC est\u00e1 a punto de empezar, y para optimizar el tiempo en un evento como este, os dejamos con los 7 actos que no puedes perderte.\" \/>\n<meta property=\"og:url\" content=\"https:\/\/www.vanessaestorach.com\/en\/7-cosas-que-no-puedes-perderte-en-el-mwc-2016\/\" \/>\n<meta property=\"og:site_name\" content=\"Vanessa Estorach\" \/>\n<meta property=\"article:published_time\" content=\"2016-01-18T12:57:11+00:00\" \/>\n<meta property=\"og:image\" content=\"https:\/\/www.vanessaestorach.com\/wp-content\/uploads\/2016\/01\/MWC-Barcelona.jpg\" \/>\n\t<meta property=\"og:image:width\" content=\"1009\" \/>\n\t<meta property=\"og:image:height\" content=\"673\" \/>\n\t<meta property=\"og:image:type\" content=\"image\/jpeg\" \/>\n<meta name=\"author\" content=\"Laura\" \/>\n<meta name=\"twitter:label1\" content=\"Written by\" \/>\n\t<meta name=\"twitter:data1\" content=\"Laura\" \/>\n\t<meta name=\"twitter:label2\" content=\"Est. reading time\" \/>\n\t<meta name=\"twitter:data2\" content=\"5 minutes\" \/>\n<script type=\"application\/ld+json\" class=\"yoast-schema-graph\">{\"@context\":\"https:\/\/schema.org\",\"@graph\":[{\"@type\":\"Article\",\"@id\":\"https:\/\/www.vanessaestorach.com\/en\/7-cosas-que-no-puedes-perderte-en-el-mwc-2016\/#article\",\"isPartOf\":{\"@id\":\"https:\/\/www.vanessaestorach.com\/en\/7-cosas-que-no-puedes-perderte-en-el-mwc-2016\/\"},\"author\":{\"name\":\"Laura\",\"@id\":\"https:\/\/www.vanessaestorach.com\/#\/schema\/person\/e79a5c2fd1c3d8d781c8c4806cab6e47\"},\"headline\":\"7 cosas que no puedes perderte en el MWC 2016\",\"datePublished\":\"2016-01-18T12:57:11+00:00\",\"mainEntityOfPage\":{\"@id\":\"https:\/\/www.vanessaestorach.com\/en\/7-cosas-que-no-puedes-perderte-en-el-mwc-2016\/\"},\"wordCount\":1083,\"commentCount\":0,\"publisher\":{\"@id\":\"https:\/\/www.vanessaestorach.com\/#organization\"},\"image\":{\"@id\":\"https:\/\/www.vanessaestorach.com\/en\/7-cosas-que-no-puedes-perderte-en-el-mwc-2016\/#primaryimage\"},\"thumbnailUrl\":\"https:\/\/www.vanessaestorach.com\/wp-content\/uploads\/2016\/01\/MWC-Barcelona.jpg\",\"keywords\":[\"adobe\",\"android\",\"aplicaciones\",\"app\",\"barcelona\",\"BlackBerry\",\"conferencias\",\"congreso\",\"fira\",\"G Flex 3\",\"Galaxy\",\"garmin\",\"icar\",\"LG\",\"LG G5\",\"Lumia\",\"microsoft\",\"mobile\",\"mobile world congress\",\"m\u00f3vil\",\"mwc\",\"MWC2016\",\"PayPal\",\"play\",\"samsung\",\"spin-off\",\"tecnolog\u00eda\",\"UAB\",\"UNICEF\",\"UNICFE\",\"Vodafone\"],\"articleSection\":[\"Eventos\"],\"inLanguage\":\"en-US\",\"potentialAction\":[{\"@type\":\"CommentAction\",\"name\":\"Comment\",\"target\":[\"https:\/\/www.vanessaestorach.com\/en\/7-cosas-que-no-puedes-perderte-en-el-mwc-2016\/#respond\"]}]},{\"@type\":\"WebPage\",\"@id\":\"https:\/\/www.vanessaestorach.com\/en\/7-cosas-que-no-puedes-perderte-en-el-mwc-2016\/\",\"url\":\"https:\/\/www.vanessaestorach.com\/en\/7-cosas-que-no-puedes-perderte-en-el-mwc-2016\/\",\"name\":\"7 cosas que no puedes perderte en el MWC 2016 - Vanessa Estorach\",\"isPartOf\":{\"@id\":\"https:\/\/www.vanessaestorach.com\/#website\"},\"primaryImageOfPage\":{\"@id\":\"https:\/\/www.vanessaestorach.com\/en\/7-cosas-que-no-puedes-perderte-en-el-mwc-2016\/#primaryimage\"},\"image\":{\"@id\":\"https:\/\/www.vanessaestorach.com\/en\/7-cosas-que-no-puedes-perderte-en-el-mwc-2016\/#primaryimage\"},\"thumbnailUrl\":\"https:\/\/www.vanessaestorach.com\/wp-content\/uploads\/2016\/01\/MWC-Barcelona.jpg\",\"datePublished\":\"2016-01-18T12:57:11+00:00\",\"description\":\"Una nueva edici\u00f3n del MWC est\u00e1 a punto de empezar, y para optimizar el tiempo en un evento como este, os dejamos con los 7 actos que no puedes perderte.\",\"breadcrumb\":{\"@id\":\"https:\/\/www.vanessaestorach.com\/en\/7-cosas-que-no-puedes-perderte-en-el-mwc-2016\/#breadcrumb\"},\"inLanguage\":\"en-US\",\"potentialAction\":[{\"@type\":\"ReadAction\",\"target\":[\"https:\/\/www.vanessaestorach.com\/en\/7-cosas-que-no-puedes-perderte-en-el-mwc-2016\/\"]}]},{\"@type\":\"ImageObject\",\"inLanguage\":\"en-US\",\"@id\":\"https:\/\/www.vanessaestorach.com\/en\/7-cosas-que-no-puedes-perderte-en-el-mwc-2016\/#primaryimage\",\"url\":\"https:\/\/www.vanessaestorach.com\/wp-content\/uploads\/2016\/01\/MWC-Barcelona.jpg\",\"contentUrl\":\"https:\/\/www.vanessaestorach.com\/wp-content\/uploads\/2016\/01\/MWC-Barcelona.jpg\",\"width\":1009,\"height\":673},{\"@type\":\"BreadcrumbList\",\"@id\":\"https:\/\/www.vanessaestorach.com\/en\/7-cosas-que-no-puedes-perderte-en-el-mwc-2016\/#breadcrumb\",\"itemListElement\":[{\"@type\":\"ListItem\",\"position\":1,\"name\":\"Portada\",\"item\":\"https:\/\/www.vanessaestorach.com\/en\/\"},{\"@type\":\"ListItem\",\"position\":2,\"name\":\"7 cosas que no puedes perderte en el MWC 2016\"}]},{\"@type\":\"WebSite\",\"@id\":\"https:\/\/www.vanessaestorach.com\/#website\",\"url\":\"https:\/\/www.vanessaestorach.com\/\",\"name\":\"Vanessa Estorach\",\"description\":\"\",\"publisher\":{\"@id\":\"https:\/\/www.vanessaestorach.com\/#organization\"},\"potentialAction\":[{\"@type\":\"SearchAction\",\"target\":{\"@type\":\"EntryPoint\",\"urlTemplate\":\"https:\/\/www.vanessaestorach.com\/?s={search_term_string}\"},\"query-input\":{\"@type\":\"PropertyValueSpecification\",\"valueRequired\":true,\"valueName\":\"search_term_string\"}}],\"inLanguage\":\"en-US\"},{\"@type\":\"Organization\",\"@id\":\"https:\/\/www.vanessaestorach.com\/#organization\",\"name\":\"Vanessa Estorach\",\"url\":\"https:\/\/www.vanessaestorach.com\/\",\"logo\":{\"@type\":\"ImageObject\",\"inLanguage\":\"en-US\",\"@id\":\"https:\/\/www.vanessaestorach.com\/#\/schema\/logo\/image\/\",\"url\":\"https:\/\/www.vanessaestorach.com\/wp-content\/uploads\/2018\/11\/cropped-vestorach-imagotip_COLOR.png\",\"contentUrl\":\"https:\/\/www.vanessaestorach.com\/wp-content\/uploads\/2018\/11\/cropped-vestorach-imagotip_COLOR.png\",\"width\":995,\"height\":995,\"caption\":\"Vanessa Estorach\"},\"image\":{\"@id\":\"https:\/\/www.vanessaestorach.com\/#\/schema\/logo\/image\/\"}},{\"@type\":\"Person\",\"@id\":\"https:\/\/www.vanessaestorach.com\/#\/schema\/person\/e79a5c2fd1c3d8d781c8c4806cab6e47\",\"name\":\"Laura\",\"image\":{\"@type\":\"ImageObject\",\"inLanguage\":\"en-US\",\"@id\":\"https:\/\/www.vanessaestorach.com\/#\/schema\/person\/image\/\",\"url\":\"https:\/\/secure.gravatar.com\/avatar\/?s=96&d=mm&r=g\",\"contentUrl\":\"https:\/\/secure.gravatar.com\/avatar\/?s=96&d=mm&r=g\",\"caption\":\"Laura\"},\"url\":\"https:\/\/www.vanessaestorach.com\/en\/author\/laura\/\"}]}<\/script>\n<!-- \/ Yoast SEO plugin. -->","yoast_head_json":{"title":"7 cosas que no puedes perderte en el MWC 2016 - Vanessa Estorach","description":"Una nueva edici\u00f3n del MWC est\u00e1 a punto de empezar, y para optimizar el tiempo en un evento como este, os dejamos con los 7 actos que no puedes perderte.","robots":{"index":"index","follow":"follow","max-snippet":"max-snippet:-1","max-image-preview":"max-image-preview:large","max-video-preview":"max-video-preview:-1"},"canonical":"https:\/\/www.vanessaestorach.com\/en\/7-cosas-que-no-puedes-perderte-en-el-mwc-2016\/","og_locale":"en_US","og_type":"article","og_title":"7 cosas que no puedes perderte en el MWC 2016 - Vanessa Estorach","og_description":"Una nueva edici\u00f3n del MWC est\u00e1 a punto de empezar, y para optimizar el tiempo en un evento como este, os dejamos con los 7 actos que no puedes perderte.","og_url":"https:\/\/www.vanessaestorach.com\/en\/7-cosas-que-no-puedes-perderte-en-el-mwc-2016\/","og_site_name":"Vanessa Estorach","article_published_time":"2016-01-18T12:57:11+00:00","og_image":[{"width":1009,"height":673,"url":"https:\/\/www.vanessaestorach.com\/wp-content\/uploads\/2016\/01\/MWC-Barcelona.jpg","type":"image\/jpeg"}],"author":"Laura","twitter_misc":{"Written by":"Laura","Est. reading time":"5 minutes"},"schema":{"@context":"https:\/\/schema.org","@graph":[{"@type":"Article","@id":"https:\/\/www.vanessaestorach.com\/en\/7-cosas-que-no-puedes-perderte-en-el-mwc-2016\/#article","isPartOf":{"@id":"https:\/\/www.vanessaestorach.com\/en\/7-cosas-que-no-puedes-perderte-en-el-mwc-2016\/"},"author":{"name":"Laura","@id":"https:\/\/www.vanessaestorach.com\/#\/schema\/person\/e79a5c2fd1c3d8d781c8c4806cab6e47"},"headline":"7 cosas que no puedes perderte en el MWC 2016","datePublished":"2016-01-18T12:57:11+00:00","mainEntityOfPage":{"@id":"https:\/\/www.vanessaestorach.com\/en\/7-cosas-que-no-puedes-perderte-en-el-mwc-2016\/"},"wordCount":1083,"commentCount":0,"publisher":{"@id":"https:\/\/www.vanessaestorach.com\/#organization"},"image":{"@id":"https:\/\/www.vanessaestorach.com\/en\/7-cosas-que-no-puedes-perderte-en-el-mwc-2016\/#primaryimage"},"thumbnailUrl":"https:\/\/www.vanessaestorach.com\/wp-content\/uploads\/2016\/01\/MWC-Barcelona.jpg","keywords":["adobe","android","aplicaciones","app","barcelona","BlackBerry","conferencias","congreso","fira","G Flex 3","Galaxy","garmin","icar","LG","LG G5","Lumia","microsoft","mobile","mobile world congress","m\u00f3vil","mwc","MWC2016","PayPal","play","samsung","spin-off","tecnolog\u00eda","UAB","UNICEF","UNICFE","Vodafone"],"articleSection":["Eventos"],"inLanguage":"en-US","potentialAction":[{"@type":"CommentAction","name":"Comment","target":["https:\/\/www.vanessaestorach.com\/en\/7-cosas-que-no-puedes-perderte-en-el-mwc-2016\/#respond"]}]},{"@type":"WebPage","@id":"https:\/\/www.vanessaestorach.com\/en\/7-cosas-que-no-puedes-perderte-en-el-mwc-2016\/","url":"https:\/\/www.vanessaestorach.com\/en\/7-cosas-que-no-puedes-perderte-en-el-mwc-2016\/","name":"7 cosas que no puedes perderte en el MWC 2016 - Vanessa Estorach","isPartOf":{"@id":"https:\/\/www.vanessaestorach.com\/#website"},"primaryImageOfPage":{"@id":"https:\/\/www.vanessaestorach.com\/en\/7-cosas-que-no-puedes-perderte-en-el-mwc-2016\/#primaryimage"},"image":{"@id":"https:\/\/www.vanessaestorach.com\/en\/7-cosas-que-no-puedes-perderte-en-el-mwc-2016\/#primaryimage"},"thumbnailUrl":"https:\/\/www.vanessaestorach.com\/wp-content\/uploads\/2016\/01\/MWC-Barcelona.jpg","datePublished":"2016-01-18T12:57:11+00:00","description":"Una nueva edici\u00f3n del MWC est\u00e1 a punto de empezar, y para optimizar el tiempo en un evento como este, os dejamos con los 7 actos que no puedes perderte.","breadcrumb":{"@id":"https:\/\/www.vanessaestorach.com\/en\/7-cosas-que-no-puedes-perderte-en-el-mwc-2016\/#breadcrumb"},"inLanguage":"en-US","potentialAction":[{"@type":"ReadAction","target":["https:\/\/www.vanessaestorach.com\/en\/7-cosas-que-no-puedes-perderte-en-el-mwc-2016\/"]}]},{"@type":"ImageObject","inLanguage":"en-US","@id":"https:\/\/www.vanessaestorach.com\/en\/7-cosas-que-no-puedes-perderte-en-el-mwc-2016\/#primaryimage","url":"https:\/\/www.vanessaestorach.com\/wp-content\/uploads\/2016\/01\/MWC-Barcelona.jpg","contentUrl":"https:\/\/www.vanessaestorach.com\/wp-content\/uploads\/2016\/01\/MWC-Barcelona.jpg","width":1009,"height":673},{"@type":"BreadcrumbList","@id":"https:\/\/www.vanessaestorach.com\/en\/7-cosas-que-no-puedes-perderte-en-el-mwc-2016\/#breadcrumb","itemListElement":[{"@type":"ListItem","position":1,"name":"Portada","item":"https:\/\/www.vanessaestorach.com\/en\/"},{"@type":"ListItem","position":2,"name":"7 cosas que no puedes perderte en el MWC 2016"}]},{"@type":"WebSite","@id":"https:\/\/www.vanessaestorach.com\/#website","url":"https:\/\/www.vanessaestorach.com\/","name":"Vanessa Estorach","description":"","publisher":{"@id":"https:\/\/www.vanessaestorach.com\/#organization"},"potentialAction":[{"@type":"SearchAction","target":{"@type":"EntryPoint","urlTemplate":"https:\/\/www.vanessaestorach.com\/?s={search_term_string}"},"query-input":{"@type":"PropertyValueSpecification","valueRequired":true,"valueName":"search_term_string"}}],"inLanguage":"en-US"},{"@type":"Organization","@id":"https:\/\/www.vanessaestorach.com\/#organization","name":"Vanessa Estorach","url":"https:\/\/www.vanessaestorach.com\/","logo":{"@type":"ImageObject","inLanguage":"en-US","@id":"https:\/\/www.vanessaestorach.com\/#\/schema\/logo\/image\/","url":"https:\/\/www.vanessaestorach.com\/wp-content\/uploads\/2018\/11\/cropped-vestorach-imagotip_COLOR.png","contentUrl":"https:\/\/www.vanessaestorach.com\/wp-content\/uploads\/2018\/11\/cropped-vestorach-imagotip_COLOR.png","width":995,"height":995,"caption":"Vanessa Estorach"},"image":{"@id":"https:\/\/www.vanessaestorach.com\/#\/schema\/logo\/image\/"}},{"@type":"Person","@id":"https:\/\/www.vanessaestorach.com\/#\/schema\/person\/e79a5c2fd1c3d8d781c8c4806cab6e47","name":"Laura","image":{"@type":"ImageObject","inLanguage":"en-US","@id":"https:\/\/www.vanessaestorach.com\/#\/schema\/person\/image\/","url":"https:\/\/secure.gravatar.com\/avatar\/?s=96&d=mm&r=g","contentUrl":"https:\/\/secure.gravatar.com\/avatar\/?s=96&d=mm&r=g","caption":"Laura"},"url":"https:\/\/www.vanessaestorach.com\/en\/author\/laura\/"}]}},"_links":{"self":[{"href":"https:\/\/www.vanessaestorach.com\/en\/wp-json\/wp\/v2\/posts\/3606","targetHints":{"allow":["GET"]}}],"collection":[{"href":"https:\/\/www.vanessaestorach.com\/en\/wp-json\/wp\/v2\/posts"}],"about":[{"href":"https:\/\/www.vanessaestorach.com\/en\/wp-json\/wp\/v2\/types\/post"}],"author":[{"embeddable":true,"href":"https:\/\/www.vanessaestorach.com\/en\/wp-json\/wp\/v2\/users\/7"}],"replies":[{"embeddable":true,"href":"https:\/\/www.vanessaestorach.com\/en\/wp-json\/wp\/v2\/comments?post=3606"}],"version-history":[{"count":0,"href":"https:\/\/www.vanessaestorach.com\/en\/wp-json\/wp\/v2\/posts\/3606\/revisions"}],"wp:featuredmedia":[{"embeddable":true,"href":"https:\/\/www.vanessaestorach.com\/en\/wp-json\/wp\/v2\/media\/3607"}],"wp:attachment":[{"href":"https:\/\/www.vanessaestorach.com\/en\/wp-json\/wp\/v2\/media?parent=3606"}],"wp:term":[{"taxonomy":"category","embeddable":true,"href":"https:\/\/www.vanessaestorach.com\/en\/wp-json\/wp\/v2\/categories?post=3606"},{"taxonomy":"post_tag","embeddable":true,"href":"https:\/\/www.vanessaestorach.com\/en\/wp-json\/wp\/v2\/tags?post=3606"}],"curies":[{"name":"wp","href":"https:\/\/api.w.org\/{rel}","templated":true}]}}