{"id":3711,"date":"2016-02-12T08:55:19","date_gmt":"2016-02-12T08:55:19","guid":{"rendered":"http:\/\/e-growing.com\/?p=3711"},"modified":"2016-02-12T08:55:19","modified_gmt":"2016-02-12T08:55:19","slug":"por-que-mobile-first","status":"publish","type":"post","link":"https:\/\/www.vanessaestorach.com\/en\/por-que-mobile-first\/","title":{"rendered":"\u00bfPor qu\u00e9 Mobile First?"},"content":{"rendered":"<p>Cuando se habla de que es el dise\u00f1o Responsive en sitios web, casi todos sabemos de lo que se est\u00e1 hablando, pero&#8230; \u00bfY si alguien te hablase de Mobile First? \u00bfSabr\u00edas definir en qu\u00e9 consiste? Partiendo de la idea de Responsive vamos a analizar un poco la metodolog\u00eda de Mobile First.<\/p>\n<p>El dise\u00f1o <strong>Responsive <\/strong>permite adaptar cada site a diferentes formatos. Se crea desde un formato desktop pensando en \u00e9ste y adapt\u00e1ndolo a varias versiones de terminales m\u00f3viles.<\/p>\n<p>En <strong>Mobile First<\/strong>, el objetivo tambi\u00e9n es la adaptaci\u00f3n, pero desde el otro lado, desde el smartphone. Mobile First se trata de comenzar un proyecto por la pantalla m\u00e1s peque\u00f1a e ir adapt\u00e1ndolo a formatos m\u00e1s grandes. <strong>Primero pensar en los m\u00f3viles<\/strong>.<\/p>\n<p>Esto exige a los dise\u00f1adores y desarrolladores a centrarse m\u00e1s en el contenido y en la <a href=\"http:\/\/e-growing.com\/como-mejorar-la-experiencia-de-usuario-ux-en-tu-aplicacion-movil-2\/\" target=\"_blank\"><u>experiencia de usuarios (Ux)<\/u><u>.<\/u> \u00a0<\/a><\/p>\n<p>&nbsp;<\/p>\n<p>[Tweet &#8220;Con Mobile First el contenido ser\u00e1 desde el principio m\u00e1s preciso y ordenado &#8220;]<\/p>\n<p>&nbsp;<\/p>\n<p>Como dise\u00f1ador o desarrollador seguro que te ha surgido el problema de: \u00bfy ahora c\u00f3mo coloco los contenidos para que no se queden apelotonados? O incluso como usuario: conoces una web en formato escritorio, vas a navegar un d\u00eda por esa misma web en el m\u00f3vil, y te encuentras todo apelmazado. Esto genera un sentimiento de caos que solo provoca cerrar la web. Aplicar Mobile First evita que esto suceda.<\/p>\n<figure id=\"attachment_3715\" aria-describedby=\"caption-attachment-3715\" style=\"width: 523px\" class=\"wp-caption aligncenter\"><img loading=\"lazy\" decoding=\"async\" class=\"wp-image-3715\" src=\"http:\/\/e-growing.com\/wp-content\/uploads\/2016\/02\/e-growing-ejemplos-malosybuenos-300x190.jpg\" alt=\"e-growing-ejemplos-malosybuenos\" width=\"523\" height=\"331\" \/><figcaption id=\"caption-attachment-3715\" class=\"wp-caption-text\">Fuente: Mobile Friendly Test<\/figcaption><\/figure>\n<p>Aqu\u00ed dos malos ejemplos y uno bueno:<\/p>\n<p style=\"text-align: left\">1\u00aa imagen: Tiene un gran margen blanco en la parte de abajo y la web se ve muy peque\u00f1a.<\/p>\n<p style=\"text-align: left\">2\u00aa imagen: Podemos ver una web que no deja m\u00e1rgenes pero toda la informaci\u00f3n est\u00e1 apelotonada y para acceder a cualquier contenido hay que hacer mucho zoom.<\/p>\n<p style=\"text-align: left\">3\u00aa imagen : Buen ejemplo de web Mobile First. El usuario entra para buscar un vuelo y sin hacer scroll ni zoom se encuentra con los campos que necesita.<\/p>\n<p>&nbsp;<\/p>\n<h2><strong>\u00bfY por qu\u00e9 elegir Mobile First? <\/strong><\/h2>\n<p>Estamos viviendo un cambio en la forma de acceder a la informaci\u00f3n. Vivimos en el aqu\u00ed y ahora. Si vas por la calle caminando y necesitas consultar algo \u00bfqu\u00e9 utilizas? El m\u00f3vil.<\/p>\n<p>En el a\u00f1o 2015 muchas de las web ya recibieron <strong>m\u00e1s tr\u00e1fico desde m\u00f3viles que desde ordenadores<\/strong>. Seg\u00fan el informe <strong>ditrendia<\/strong> de <a href=\"http:\/\/www.ditrendia.es\/wp-content\/uploads\/2015\/07\/Ditrendia-Informe-Mobile-en-Espa%C3%B1a-y-en-el-Mundo-2015.pdf\" target=\"_blank\">\u201cMobile en Espa\u00f1a y en el Mundo 2015\u201d<\/a> las cifras indican datos de uso m\u00f3vil mucho m\u00e1s alto que en ordenadores. El uso de ordenadores cada a\u00f1o baja, tanto en port\u00e1til (de un <em>86%<\/em> en 2012 a un <em>82%<\/em> en 2014) como en sobremesa (de un <em>77%<\/em> en 2012 a un 74% en 2014)<\/p>\n<figure id=\"attachment_3720\" aria-describedby=\"caption-attachment-3720\" style=\"width: 618px\" class=\"wp-caption aligncenter\"><img loading=\"lazy\" decoding=\"async\" class=\"wp-image-3720\" src=\"http:\/\/e-growing.com\/wp-content\/uploads\/2016\/02\/e-growing-informe-ditrendia-300x166.jpg\" alt=\"\" width=\"618\" height=\"342\" \/><figcaption id=\"caption-attachment-3720\" class=\"wp-caption-text\">Fuente: ditrendia &#8220;Informe Mobile en Espa\u00f1a y en el Mundo 2015&#8221;<\/figcaption><\/figure>\n<p>\u00bfNo es motivo suficiente para tener m\u00e1s en cuenta los terminales m\u00f3viles? Si los usuarios utilizan el m\u00f3vil para buscar informaci\u00f3n hay que trabajar desde ah\u00ed para no quedarse atr\u00e1s o incluso peor, desaparecer.<\/p>\n<p>[Tweet &#8220;Los usuarios utilizan cada vez m\u00e1s el m\u00f3vil para acceder a internet. \u00a1No te quedes atr\u00e1s!&#8221;]<\/p>\n<p><strong>\u00a0<\/strong><\/p>\n<h2><strong>\u00bfQuieres comprobar si tu web est\u00e1 adaptada a todos los dispositivos?<\/strong><\/h2>\n<p>Pues es s\u00faper f\u00e1cil. Google cre\u00f3 en su d\u00eda una <strong>herramienta<\/strong> para poder saber si tu site es <strong>Mobile Friendly. <\/strong>Solo tienes que introducir la URL de tu web en\u00a0<u><a href=\"https:\/\/www.google.com\/webmasters\/tools\/mobile-friendly\/\" target=\"_blank\">Mobile Friendly Test<\/a><\/u> y ver si cumple los requisitos. En caso de tener alg\u00fan tipo de error, esta herramienta te dar\u00e1 indicaciones para corregirlos.<\/p>\n<p>Y una vez metidos en Google, sus valoraciones y algoritmos, tambi\u00e9n puedes probar esta otra <strong>herramienta<\/strong> <u><a href=\"https:\/\/developers.google.com\/speed\/pagespeed\/insights\/\" target=\"_blank\">Google Pagespeed Insights<\/a><\/u>. Igual que en la anterior, solo tienes que poner la URL de tu site y podr\u00e1s saber si hay alg\u00fan elemento que est\u00e9 retardando la carga de tu p\u00e1gina. Es muy visual. Tienes una nota en \u201c<em>mobile\u201d<\/em> de la <strong>velocidad <\/strong>y de la <strong>experiencia de usuario<\/strong>. Y otra pesta\u00f1a \u201c<em>ordenador<\/em> \u201cdonde te hace una serie de sugerencias para mejorar tu site.<\/p>\n<p>[Tweet &#8220;Mobile First cumple la premisa: \u201cTODO ha de verse bien\u201d &#8220;]<\/p>\n<p>En definitiva, <strong>Mobile First<\/strong>, a mi modo de ver las cosas, es la metodolog\u00eda que m\u00e1s se adapta a los tiempos que corren y que m\u00e1s nos ayuda a crear sitios web bajo la premisa: <q>TODO ha de verse bien<\/q><\/p>\n","protected":false},"excerpt":{"rendered":"<p>Cuando se habla de que es el dise\u00f1o Responsive en sitios web, casi todos sabemos de lo que se est\u00e1 hablando, pero&#8230; \u00bfY si alguien te hablase de Mobile First? \u00bfSabr\u00edas definir en qu\u00e9 consiste? Partiendo de la idea de Responsive vamos a analizar un poco la metodolog\u00eda de Mobile First. El dise\u00f1o Responsive permite&#8230;<\/p>\n","protected":false},"author":8,"featured_media":3714,"comment_status":"open","ping_status":"open","sticky":false,"template":"","format":"standard","meta":{"_acf_changed":false,"footnotes":""},"categories":[37],"tags":[451,419,322,452,70,453,81,454,455],"class_list":["post-3711","post","type-post","status-publish","format-standard","has-post-thumbnail","hentry","category-mobile-marketing","tag-adaptar","tag-experiencia-de-usuario","tag-llevar-trafico-a-una-web","tag-metodologia","tag-mobile","tag-mobile-first","tag-movil","tag-responsive","tag-trafico"],"acf":[],"yoast_head":"<!-- This site is optimized with the Yoast SEO plugin v26.6 - https:\/\/yoast.com\/wordpress\/plugins\/seo\/ -->\n<title>\u00bfPor qu\u00e9 Mobile First? - Vanessa Estorach<\/title>\n<meta name=\"description\" content=\"\u00bfY si alguien te hablase de Mobile First? \u00bfSabr\u00edas definir en qu\u00e9 consiste?\u00a0Mobile First se trata de comenzar un proyecto por\u00a0...\" \/>\n<meta name=\"robots\" content=\"index, follow, max-snippet:-1, max-image-preview:large, max-video-preview:-1\" \/>\n<link rel=\"canonical\" href=\"https:\/\/www.vanessaestorach.com\/en\/por-que-mobile-first\/\" \/>\n<meta property=\"og:locale\" content=\"en_US\" \/>\n<meta property=\"og:type\" content=\"article\" \/>\n<meta property=\"og:title\" content=\"\u00bfPor qu\u00e9 Mobile First? - Vanessa Estorach\" \/>\n<meta property=\"og:description\" content=\"\u00bfY si alguien te hablase de Mobile First? \u00bfSabr\u00edas definir en qu\u00e9 consiste?\u00a0Mobile First se trata de comenzar un proyecto por\u00a0...\" \/>\n<meta property=\"og:url\" content=\"https:\/\/www.vanessaestorach.com\/en\/por-que-mobile-first\/\" \/>\n<meta property=\"og:site_name\" content=\"Vanessa Estorach\" \/>\n<meta property=\"article:published_time\" content=\"2016-02-12T08:55:19+00:00\" \/>\n<meta property=\"og:image\" content=\"https:\/\/www.vanessaestorach.com\/wp-content\/uploads\/2016\/02\/MobileFirst-e-growing.jpg\" \/>\n\t<meta property=\"og:image:width\" content=\"1280\" \/>\n\t<meta property=\"og:image:height\" content=\"853\" \/>\n\t<meta property=\"og:image:type\" content=\"image\/jpeg\" \/>\n<meta name=\"author\" content=\"Cristina\" \/>\n<meta name=\"twitter:label1\" content=\"Written by\" \/>\n\t<meta name=\"twitter:data1\" content=\"Cristina\" \/>\n\t<meta name=\"twitter:label2\" content=\"Est. reading time\" \/>\n\t<meta name=\"twitter:data2\" content=\"4 minutes\" \/>\n<script type=\"application\/ld+json\" class=\"yoast-schema-graph\">{\"@context\":\"https:\/\/schema.org\",\"@graph\":[{\"@type\":\"Article\",\"@id\":\"https:\/\/www.vanessaestorach.com\/en\/por-que-mobile-first\/#article\",\"isPartOf\":{\"@id\":\"https:\/\/www.vanessaestorach.com\/en\/por-que-mobile-first\/\"},\"author\":{\"name\":\"Cristina\",\"@id\":\"https:\/\/www.vanessaestorach.com\/#\/schema\/person\/e47fa7858d360629d104b8368971a8e6\"},\"headline\":\"\u00bfPor qu\u00e9 Mobile First?\",\"datePublished\":\"2016-02-12T08:55:19+00:00\",\"mainEntityOfPage\":{\"@id\":\"https:\/\/www.vanessaestorach.com\/en\/por-que-mobile-first\/\"},\"wordCount\":744,\"commentCount\":0,\"publisher\":{\"@id\":\"https:\/\/www.vanessaestorach.com\/#organization\"},\"image\":{\"@id\":\"https:\/\/www.vanessaestorach.com\/en\/por-que-mobile-first\/#primaryimage\"},\"thumbnailUrl\":\"https:\/\/www.vanessaestorach.com\/wp-content\/uploads\/2016\/02\/MobileFirst-e-growing.jpg\",\"keywords\":[\"adaptar\",\"experiencia de usuario\",\"llevar tr\u00e1fico a una web\",\"metodolog\u00eda\",\"mobile\",\"mobile first\",\"m\u00f3vil\",\"responsive\",\"tr\u00e1fico\"],\"articleSection\":[\"Mobile Marketing\"],\"inLanguage\":\"en-US\",\"potentialAction\":[{\"@type\":\"CommentAction\",\"name\":\"Comment\",\"target\":[\"https:\/\/www.vanessaestorach.com\/en\/por-que-mobile-first\/#respond\"]}]},{\"@type\":\"WebPage\",\"@id\":\"https:\/\/www.vanessaestorach.com\/en\/por-que-mobile-first\/\",\"url\":\"https:\/\/www.vanessaestorach.com\/en\/por-que-mobile-first\/\",\"name\":\"\u00bfPor qu\u00e9 Mobile First? - Vanessa Estorach\",\"isPartOf\":{\"@id\":\"https:\/\/www.vanessaestorach.com\/#website\"},\"primaryImageOfPage\":{\"@id\":\"https:\/\/www.vanessaestorach.com\/en\/por-que-mobile-first\/#primaryimage\"},\"image\":{\"@id\":\"https:\/\/www.vanessaestorach.com\/en\/por-que-mobile-first\/#primaryimage\"},\"thumbnailUrl\":\"https:\/\/www.vanessaestorach.com\/wp-content\/uploads\/2016\/02\/MobileFirst-e-growing.jpg\",\"datePublished\":\"2016-02-12T08:55:19+00:00\",\"description\":\"\u00bfY si alguien te hablase de Mobile First? \u00bfSabr\u00edas definir en qu\u00e9 consiste?\u00a0Mobile First se trata de comenzar un proyecto por\u00a0...\",\"breadcrumb\":{\"@id\":\"https:\/\/www.vanessaestorach.com\/en\/por-que-mobile-first\/#breadcrumb\"},\"inLanguage\":\"en-US\",\"potentialAction\":[{\"@type\":\"ReadAction\",\"target\":[\"https:\/\/www.vanessaestorach.com\/en\/por-que-mobile-first\/\"]}]},{\"@type\":\"ImageObject\",\"inLanguage\":\"en-US\",\"@id\":\"https:\/\/www.vanessaestorach.com\/en\/por-que-mobile-first\/#primaryimage\",\"url\":\"https:\/\/www.vanessaestorach.com\/wp-content\/uploads\/2016\/02\/MobileFirst-e-growing.jpg\",\"contentUrl\":\"https:\/\/www.vanessaestorach.com\/wp-content\/uploads\/2016\/02\/MobileFirst-e-growing.jpg\",\"width\":1280,\"height\":853},{\"@type\":\"BreadcrumbList\",\"@id\":\"https:\/\/www.vanessaestorach.com\/en\/por-que-mobile-first\/#breadcrumb\",\"itemListElement\":[{\"@type\":\"ListItem\",\"position\":1,\"name\":\"Portada\",\"item\":\"https:\/\/www.vanessaestorach.com\/en\/\"},{\"@type\":\"ListItem\",\"position\":2,\"name\":\"\u00bfPor qu\u00e9 Mobile First?\"}]},{\"@type\":\"WebSite\",\"@id\":\"https:\/\/www.vanessaestorach.com\/#website\",\"url\":\"https:\/\/www.vanessaestorach.com\/\",\"name\":\"Vanessa Estorach\",\"description\":\"\",\"publisher\":{\"@id\":\"https:\/\/www.vanessaestorach.com\/#organization\"},\"potentialAction\":[{\"@type\":\"SearchAction\",\"target\":{\"@type\":\"EntryPoint\",\"urlTemplate\":\"https:\/\/www.vanessaestorach.com\/?s={search_term_string}\"},\"query-input\":{\"@type\":\"PropertyValueSpecification\",\"valueRequired\":true,\"valueName\":\"search_term_string\"}}],\"inLanguage\":\"en-US\"},{\"@type\":\"Organization\",\"@id\":\"https:\/\/www.vanessaestorach.com\/#organization\",\"name\":\"Vanessa Estorach\",\"url\":\"https:\/\/www.vanessaestorach.com\/\",\"logo\":{\"@type\":\"ImageObject\",\"inLanguage\":\"en-US\",\"@id\":\"https:\/\/www.vanessaestorach.com\/#\/schema\/logo\/image\/\",\"url\":\"https:\/\/www.vanessaestorach.com\/wp-content\/uploads\/2018\/11\/cropped-vestorach-imagotip_COLOR.png\",\"contentUrl\":\"https:\/\/www.vanessaestorach.com\/wp-content\/uploads\/2018\/11\/cropped-vestorach-imagotip_COLOR.png\",\"width\":995,\"height\":995,\"caption\":\"Vanessa Estorach\"},\"image\":{\"@id\":\"https:\/\/www.vanessaestorach.com\/#\/schema\/logo\/image\/\"}},{\"@type\":\"Person\",\"@id\":\"https:\/\/www.vanessaestorach.com\/#\/schema\/person\/e47fa7858d360629d104b8368971a8e6\",\"name\":\"Cristina\",\"image\":{\"@type\":\"ImageObject\",\"inLanguage\":\"en-US\",\"@id\":\"https:\/\/www.vanessaestorach.com\/#\/schema\/person\/image\/\",\"url\":\"https:\/\/secure.gravatar.com\/avatar\/6dfbdf137b4db3713b058bb7a567f3c01bf78c657b87c49092ff0c5b1aa164f6?s=96&d=mm&r=g\",\"contentUrl\":\"https:\/\/secure.gravatar.com\/avatar\/6dfbdf137b4db3713b058bb7a567f3c01bf78c657b87c49092ff0c5b1aa164f6?s=96&d=mm&r=g\",\"caption\":\"Cristina\"},\"url\":\"https:\/\/www.vanessaestorach.com\/en\/author\/cristina\/\"}]}<\/script>\n<!-- \/ Yoast SEO plugin. -->","yoast_head_json":{"title":"\u00bfPor qu\u00e9 Mobile First? - Vanessa Estorach","description":"\u00bfY si alguien te hablase de Mobile First? \u00bfSabr\u00edas definir en qu\u00e9 consiste?\u00a0Mobile First se trata de comenzar un proyecto por\u00a0...","robots":{"index":"index","follow":"follow","max-snippet":"max-snippet:-1","max-image-preview":"max-image-preview:large","max-video-preview":"max-video-preview:-1"},"canonical":"https:\/\/www.vanessaestorach.com\/en\/por-que-mobile-first\/","og_locale":"en_US","og_type":"article","og_title":"\u00bfPor qu\u00e9 Mobile First? - Vanessa Estorach","og_description":"\u00bfY si alguien te hablase de Mobile First? \u00bfSabr\u00edas definir en qu\u00e9 consiste?\u00a0Mobile First se trata de comenzar un proyecto por\u00a0...","og_url":"https:\/\/www.vanessaestorach.com\/en\/por-que-mobile-first\/","og_site_name":"Vanessa Estorach","article_published_time":"2016-02-12T08:55:19+00:00","og_image":[{"width":1280,"height":853,"url":"https:\/\/www.vanessaestorach.com\/wp-content\/uploads\/2016\/02\/MobileFirst-e-growing.jpg","type":"image\/jpeg"}],"author":"Cristina","twitter_misc":{"Written by":"Cristina","Est. reading time":"4 minutes"},"schema":{"@context":"https:\/\/schema.org","@graph":[{"@type":"Article","@id":"https:\/\/www.vanessaestorach.com\/en\/por-que-mobile-first\/#article","isPartOf":{"@id":"https:\/\/www.vanessaestorach.com\/en\/por-que-mobile-first\/"},"author":{"name":"Cristina","@id":"https:\/\/www.vanessaestorach.com\/#\/schema\/person\/e47fa7858d360629d104b8368971a8e6"},"headline":"\u00bfPor qu\u00e9 Mobile First?","datePublished":"2016-02-12T08:55:19+00:00","mainEntityOfPage":{"@id":"https:\/\/www.vanessaestorach.com\/en\/por-que-mobile-first\/"},"wordCount":744,"commentCount":0,"publisher":{"@id":"https:\/\/www.vanessaestorach.com\/#organization"},"image":{"@id":"https:\/\/www.vanessaestorach.com\/en\/por-que-mobile-first\/#primaryimage"},"thumbnailUrl":"https:\/\/www.vanessaestorach.com\/wp-content\/uploads\/2016\/02\/MobileFirst-e-growing.jpg","keywords":["adaptar","experiencia de usuario","llevar tr\u00e1fico a una web","metodolog\u00eda","mobile","mobile first","m\u00f3vil","responsive","tr\u00e1fico"],"articleSection":["Mobile Marketing"],"inLanguage":"en-US","potentialAction":[{"@type":"CommentAction","name":"Comment","target":["https:\/\/www.vanessaestorach.com\/en\/por-que-mobile-first\/#respond"]}]},{"@type":"WebPage","@id":"https:\/\/www.vanessaestorach.com\/en\/por-que-mobile-first\/","url":"https:\/\/www.vanessaestorach.com\/en\/por-que-mobile-first\/","name":"\u00bfPor qu\u00e9 Mobile First? - Vanessa Estorach","isPartOf":{"@id":"https:\/\/www.vanessaestorach.com\/#website"},"primaryImageOfPage":{"@id":"https:\/\/www.vanessaestorach.com\/en\/por-que-mobile-first\/#primaryimage"},"image":{"@id":"https:\/\/www.vanessaestorach.com\/en\/por-que-mobile-first\/#primaryimage"},"thumbnailUrl":"https:\/\/www.vanessaestorach.com\/wp-content\/uploads\/2016\/02\/MobileFirst-e-growing.jpg","datePublished":"2016-02-12T08:55:19+00:00","description":"\u00bfY si alguien te hablase de Mobile First? \u00bfSabr\u00edas definir en qu\u00e9 consiste?\u00a0Mobile First se trata de comenzar un proyecto por\u00a0...","breadcrumb":{"@id":"https:\/\/www.vanessaestorach.com\/en\/por-que-mobile-first\/#breadcrumb"},"inLanguage":"en-US","potentialAction":[{"@type":"ReadAction","target":["https:\/\/www.vanessaestorach.com\/en\/por-que-mobile-first\/"]}]},{"@type":"ImageObject","inLanguage":"en-US","@id":"https:\/\/www.vanessaestorach.com\/en\/por-que-mobile-first\/#primaryimage","url":"https:\/\/www.vanessaestorach.com\/wp-content\/uploads\/2016\/02\/MobileFirst-e-growing.jpg","contentUrl":"https:\/\/www.vanessaestorach.com\/wp-content\/uploads\/2016\/02\/MobileFirst-e-growing.jpg","width":1280,"height":853},{"@type":"BreadcrumbList","@id":"https:\/\/www.vanessaestorach.com\/en\/por-que-mobile-first\/#breadcrumb","itemListElement":[{"@type":"ListItem","position":1,"name":"Portada","item":"https:\/\/www.vanessaestorach.com\/en\/"},{"@type":"ListItem","position":2,"name":"\u00bfPor qu\u00e9 Mobile First?"}]},{"@type":"WebSite","@id":"https:\/\/www.vanessaestorach.com\/#website","url":"https:\/\/www.vanessaestorach.com\/","name":"Vanessa Estorach","description":"","publisher":{"@id":"https:\/\/www.vanessaestorach.com\/#organization"},"potentialAction":[{"@type":"SearchAction","target":{"@type":"EntryPoint","urlTemplate":"https:\/\/www.vanessaestorach.com\/?s={search_term_string}"},"query-input":{"@type":"PropertyValueSpecification","valueRequired":true,"valueName":"search_term_string"}}],"inLanguage":"en-US"},{"@type":"Organization","@id":"https:\/\/www.vanessaestorach.com\/#organization","name":"Vanessa Estorach","url":"https:\/\/www.vanessaestorach.com\/","logo":{"@type":"ImageObject","inLanguage":"en-US","@id":"https:\/\/www.vanessaestorach.com\/#\/schema\/logo\/image\/","url":"https:\/\/www.vanessaestorach.com\/wp-content\/uploads\/2018\/11\/cropped-vestorach-imagotip_COLOR.png","contentUrl":"https:\/\/www.vanessaestorach.com\/wp-content\/uploads\/2018\/11\/cropped-vestorach-imagotip_COLOR.png","width":995,"height":995,"caption":"Vanessa Estorach"},"image":{"@id":"https:\/\/www.vanessaestorach.com\/#\/schema\/logo\/image\/"}},{"@type":"Person","@id":"https:\/\/www.vanessaestorach.com\/#\/schema\/person\/e47fa7858d360629d104b8368971a8e6","name":"Cristina","image":{"@type":"ImageObject","inLanguage":"en-US","@id":"https:\/\/www.vanessaestorach.com\/#\/schema\/person\/image\/","url":"https:\/\/secure.gravatar.com\/avatar\/6dfbdf137b4db3713b058bb7a567f3c01bf78c657b87c49092ff0c5b1aa164f6?s=96&d=mm&r=g","contentUrl":"https:\/\/secure.gravatar.com\/avatar\/6dfbdf137b4db3713b058bb7a567f3c01bf78c657b87c49092ff0c5b1aa164f6?s=96&d=mm&r=g","caption":"Cristina"},"url":"https:\/\/www.vanessaestorach.com\/en\/author\/cristina\/"}]}},"_links":{"self":[{"href":"https:\/\/www.vanessaestorach.com\/en\/wp-json\/wp\/v2\/posts\/3711","targetHints":{"allow":["GET"]}}],"collection":[{"href":"https:\/\/www.vanessaestorach.com\/en\/wp-json\/wp\/v2\/posts"}],"about":[{"href":"https:\/\/www.vanessaestorach.com\/en\/wp-json\/wp\/v2\/types\/post"}],"author":[{"embeddable":true,"href":"https:\/\/www.vanessaestorach.com\/en\/wp-json\/wp\/v2\/users\/8"}],"replies":[{"embeddable":true,"href":"https:\/\/www.vanessaestorach.com\/en\/wp-json\/wp\/v2\/comments?post=3711"}],"version-history":[{"count":0,"href":"https:\/\/www.vanessaestorach.com\/en\/wp-json\/wp\/v2\/posts\/3711\/revisions"}],"wp:featuredmedia":[{"embeddable":true,"href":"https:\/\/www.vanessaestorach.com\/en\/wp-json\/wp\/v2\/media\/3714"}],"wp:attachment":[{"href":"https:\/\/www.vanessaestorach.com\/en\/wp-json\/wp\/v2\/media?parent=3711"}],"wp:term":[{"taxonomy":"category","embeddable":true,"href":"https:\/\/www.vanessaestorach.com\/en\/wp-json\/wp\/v2\/categories?post=3711"},{"taxonomy":"post_tag","embeddable":true,"href":"https:\/\/www.vanessaestorach.com\/en\/wp-json\/wp\/v2\/tags?post=3711"}],"curies":[{"name":"wp","href":"https:\/\/api.w.org\/{rel}","templated":true}]}}