{"id":4465,"date":"2016-09-08T09:28:33","date_gmt":"2016-09-08T09:28:33","guid":{"rendered":"http:\/\/e-growing.com\/?p=4465"},"modified":"2024-03-11T14:17:37","modified_gmt":"2024-03-11T13:17:37","slug":"soprendidos-con-las-novedades-del-evento-de-apple-e-iphone-7","status":"publish","type":"post","link":"https:\/\/www.vanessaestorach.com\/en\/soprendidos-con-las-novedades-del-evento-de-apple-e-iphone-7\/","title":{"rendered":"\u00bfSoprendidos con las novedades del evento de Apple e iPhone 7?"},"content":{"rendered":"<p>Ayer, despu\u00e9s del evento de Apple e iPhone 7 quer\u00eda escribir unas l\u00edneas, pero quise digerirlo. Me sorprendi\u00f3, s\u00ed, pero no de la manera que esperaba. <strong>Esperaba m\u00e1s<\/strong>, de hecho. Vayamos por partes.<\/p>\n<h2>Novedades m\u00e1s destacadas de Apple e iPhone 7<\/h2>\n<h4>El nuevo iPhone 7<\/h4>\n<p>El primer iPhone fue una revoluci\u00f3n. El segundo tambi\u00e9n, pero no tanta. Y en cada nueva versi\u00f3n, en mi humilde opini\u00f3n, van a\u00f1adiendo cosas pero ninguna de ellas es revolucionaria, como cabr\u00eda esperar de una marca puntera como Apple. Lo que m\u00e1s destacar\u00eda de este nuevo dispositivo es:<\/p>\n<ul>\n<li><strong>Bye Bye al agujerito d\u00f3nde metemos los auriculares<\/strong>. Eso s\u00ed, han sacado un adaptador mon\u00edsimo que permite conectar los auriculares al agujerito de la carga. A partir de ahora, si quieres cargar el tel\u00e9fono y tener los auriculares puestos, no podr\u00e1s.<\/li>\n<li><strong>Auriculares <em>wireless<\/em><\/strong>. Claro, la soluci\u00f3n estaba a la vuelta de la esquina. S\u00ed que podr\u00e1s cargar el tel\u00e9fono y utilizar los auriculares si te compras los nuevos AirPods o EarPods por la m\u00f3dica cantidad de $149 a $299.<\/li>\n<li><strong>Bot\u00f3n no clicable<\/strong>. A partir de ahora, han revolucionado el nuevo iPhone 7 haciendo que el mecanismo del \u00fanico bot\u00f3n que tiene no sea mec\u00e1nico.<\/li>\n<li><strong>Doble c\u00e1mara en los iPhone 7<\/strong>. S\u00f3lo disponible para las versiones m\u00e1s grandes de iPhones 7 (o sea iPhone 7 Plus), con la que podr\u00e1s hacer virguer\u00edas y fotos fant\u00e1sticas.<\/li>\n<li><strong>La segunda generaci\u00f3n del Apple Watch<\/strong>. Como usuaria de Apple Watch solo espero que sea un poco m\u00e1s r\u00e1pido ya que en la era de la inmediatez, a veces este reloj se queda corto&#8230; Eso s\u00ed, ahora ser\u00e1 resistente al agua. \u00a1Un gran puntazo!<\/li>\n<li><strong>iOS 10<\/strong>. Vamos a tener que esperar a la semana que viene para ver qu\u00e9 novedades habr\u00e1 para los usuarios con la nueva versi\u00f3n del sistema operativo de Apple.<\/li>\n<\/ul>\n<h2>I&#8217;m not a fan girl de Apple ni de iPhone<\/h2>\n<p>Es verdad. No soy una fan girl de Apple ni de iPhone. Tampoco de otras marcas. Lo que s\u00ed soy es usuaria. Y como usuaria de iPhone, iPad y estoy viendo que esta gran marca de dispositivos m\u00f3viles de gama alta no presenta las novedades que muchos esperamos. No s\u00e9 qu\u00e9 esperar. Lo que s\u00ed que es verdad es que cosas que han presentado (l\u00e9ase dispositivos resistentes al agua) otras marcas como Samsung o Huawei ya lo ten\u00edan para sus dispositivos de gama alta.<\/p>\n<p>&nbsp;<\/p>\n<p><strong>Dicen que Apple se est\u00e1n esperando al d\u00e9cimo aniversario del iPhone<\/strong> para sacar novedades rompedoras. Eso espero ya que otras marcas como Huawei, Samsung o Sony est\u00e1n en esta carrera queri\u00e9ndose poner en primera posici\u00f3n para los smartphones de gama alta y no creo que les falte mucho.<\/p>\n","protected":false},"excerpt":{"rendered":"<p>Ayer, despu\u00e9s del evento de Apple e iPhone 7 quer\u00eda escribir unas l\u00edneas, pero quise digerirlo. Me sorprendi\u00f3, s\u00ed, pero no de la manera que esperaba. Esperaba m\u00e1s, de hecho. Vayamos por partes. Novedades m\u00e1s destacadas de Apple e iPhone 7 El nuevo iPhone 7 El primer iPhone fue una revoluci\u00f3n. El segundo tambi\u00e9n, pero&#8230;<\/p>\n","protected":false},"author":4,"featured_media":4908,"comment_status":"open","ping_status":"open","sticky":false,"template":"","format":"standard","meta":{"_acf_changed":false,"footnotes":""},"categories":[12],"tags":[],"class_list":["post-4465","post","type-post","status-publish","format-standard","has-post-thumbnail","hentry","category-uncategorized"],"acf":[],"yoast_head":"<!-- This site is optimized with the Yoast SEO plugin v26.6 - https:\/\/yoast.com\/wordpress\/plugins\/seo\/ -->\n<title>\u00bfSoprendidos con las novedades del evento de Apple e iPhone 7?<\/title>\n<meta name=\"description\" content=\"Ayer despu\u00e9s del evento de Apple e iPhone 7 quer\u00eda escribir unas l\u00edneas pero quise digerirlo. Me esperaba que Apple presentara m\u00e1s novedades sobre el iPhone\" \/>\n<meta name=\"robots\" content=\"index, follow, max-snippet:-1, max-image-preview:large, max-video-preview:-1\" \/>\n<link rel=\"canonical\" href=\"https:\/\/www.vanessaestorach.com\/en\/soprendidos-con-las-novedades-del-evento-de-apple-e-iphone-7\/\" \/>\n<meta property=\"og:locale\" content=\"en_US\" \/>\n<meta property=\"og:type\" content=\"article\" \/>\n<meta property=\"og:title\" content=\"\u00bfSoprendidos con las novedades del evento de Apple e iPhone 7?\" \/>\n<meta property=\"og:description\" content=\"Ayer despu\u00e9s del evento de Apple e iPhone 7 quer\u00eda escribir unas l\u00edneas pero quise digerirlo. Me esperaba que Apple presentara m\u00e1s novedades sobre el iPhone\" \/>\n<meta property=\"og:url\" content=\"https:\/\/www.vanessaestorach.com\/en\/soprendidos-con-las-novedades-del-evento-de-apple-e-iphone-7\/\" \/>\n<meta property=\"og:site_name\" content=\"Vanessa Estorach\" \/>\n<meta property=\"article:published_time\" content=\"2016-09-08T09:28:33+00:00\" \/>\n<meta property=\"article:modified_time\" content=\"2024-03-11T13:17:37+00:00\" \/>\n<meta property=\"og:image\" content=\"https:\/\/www.vanessaestorach.com\/wp-content\/uploads\/2017\/02\/love-163851_960_720.jpg\" \/>\n\t<meta property=\"og:image:width\" content=\"960\" \/>\n\t<meta property=\"og:image:height\" content=\"636\" \/>\n\t<meta property=\"og:image:type\" content=\"image\/jpeg\" \/>\n<meta name=\"author\" content=\"vestorach\" \/>\n<meta name=\"twitter:label1\" content=\"Written by\" \/>\n\t<meta name=\"twitter:data1\" content=\"vestorach\" \/>\n\t<meta name=\"twitter:label2\" content=\"Est. reading time\" \/>\n\t<meta name=\"twitter:data2\" content=\"3 minutes\" \/>\n<script type=\"application\/ld+json\" class=\"yoast-schema-graph\">{\"@context\":\"https:\/\/schema.org\",\"@graph\":[{\"@type\":\"Article\",\"@id\":\"https:\/\/www.vanessaestorach.com\/en\/soprendidos-con-las-novedades-del-evento-de-apple-e-iphone-7\/#article\",\"isPartOf\":{\"@id\":\"https:\/\/www.vanessaestorach.com\/en\/soprendidos-con-las-novedades-del-evento-de-apple-e-iphone-7\/\"},\"author\":{\"name\":\"vestorach\",\"@id\":\"https:\/\/www.vanessaestorach.com\/#\/schema\/person\/e2482048d7983d00700241b2c5e1f108\"},\"headline\":\"\u00bfSoprendidos con las novedades del evento de Apple e iPhone 7?\",\"datePublished\":\"2016-09-08T09:28:33+00:00\",\"dateModified\":\"2024-03-11T13:17:37+00:00\",\"mainEntityOfPage\":{\"@id\":\"https:\/\/www.vanessaestorach.com\/en\/soprendidos-con-las-novedades-del-evento-de-apple-e-iphone-7\/\"},\"wordCount\":485,\"commentCount\":0,\"publisher\":{\"@id\":\"https:\/\/www.vanessaestorach.com\/#organization\"},\"image\":{\"@id\":\"https:\/\/www.vanessaestorach.com\/en\/soprendidos-con-las-novedades-del-evento-de-apple-e-iphone-7\/#primaryimage\"},\"thumbnailUrl\":\"https:\/\/www.vanessaestorach.com\/wp-content\/uploads\/2017\/02\/love-163851_960_720.jpg\",\"inLanguage\":\"en-US\",\"potentialAction\":[{\"@type\":\"CommentAction\",\"name\":\"Comment\",\"target\":[\"https:\/\/www.vanessaestorach.com\/en\/soprendidos-con-las-novedades-del-evento-de-apple-e-iphone-7\/#respond\"]}]},{\"@type\":\"WebPage\",\"@id\":\"https:\/\/www.vanessaestorach.com\/en\/soprendidos-con-las-novedades-del-evento-de-apple-e-iphone-7\/\",\"url\":\"https:\/\/www.vanessaestorach.com\/en\/soprendidos-con-las-novedades-del-evento-de-apple-e-iphone-7\/\",\"name\":\"\u00bfSoprendidos con las novedades del evento de Apple e iPhone 7?\",\"isPartOf\":{\"@id\":\"https:\/\/www.vanessaestorach.com\/#website\"},\"primaryImageOfPage\":{\"@id\":\"https:\/\/www.vanessaestorach.com\/en\/soprendidos-con-las-novedades-del-evento-de-apple-e-iphone-7\/#primaryimage\"},\"image\":{\"@id\":\"https:\/\/www.vanessaestorach.com\/en\/soprendidos-con-las-novedades-del-evento-de-apple-e-iphone-7\/#primaryimage\"},\"thumbnailUrl\":\"https:\/\/www.vanessaestorach.com\/wp-content\/uploads\/2017\/02\/love-163851_960_720.jpg\",\"datePublished\":\"2016-09-08T09:28:33+00:00\",\"dateModified\":\"2024-03-11T13:17:37+00:00\",\"description\":\"Ayer despu\u00e9s del evento de Apple e iPhone 7 quer\u00eda escribir unas l\u00edneas pero quise digerirlo. Me esperaba que Apple presentara m\u00e1s novedades sobre el iPhone\",\"breadcrumb\":{\"@id\":\"https:\/\/www.vanessaestorach.com\/en\/soprendidos-con-las-novedades-del-evento-de-apple-e-iphone-7\/#breadcrumb\"},\"inLanguage\":\"en-US\",\"potentialAction\":[{\"@type\":\"ReadAction\",\"target\":[\"https:\/\/www.vanessaestorach.com\/en\/soprendidos-con-las-novedades-del-evento-de-apple-e-iphone-7\/\"]}]},{\"@type\":\"ImageObject\",\"inLanguage\":\"en-US\",\"@id\":\"https:\/\/www.vanessaestorach.com\/en\/soprendidos-con-las-novedades-del-evento-de-apple-e-iphone-7\/#primaryimage\",\"url\":\"https:\/\/www.vanessaestorach.com\/wp-content\/uploads\/2017\/02\/love-163851_960_720.jpg\",\"contentUrl\":\"https:\/\/www.vanessaestorach.com\/wp-content\/uploads\/2017\/02\/love-163851_960_720.jpg\",\"width\":960,\"height\":636},{\"@type\":\"BreadcrumbList\",\"@id\":\"https:\/\/www.vanessaestorach.com\/en\/soprendidos-con-las-novedades-del-evento-de-apple-e-iphone-7\/#breadcrumb\",\"itemListElement\":[{\"@type\":\"ListItem\",\"position\":1,\"name\":\"Portada\",\"item\":\"https:\/\/www.vanessaestorach.com\/en\/\"},{\"@type\":\"ListItem\",\"position\":2,\"name\":\"\u00bfSoprendidos con las novedades del evento de Apple e iPhone 7?\"}]},{\"@type\":\"WebSite\",\"@id\":\"https:\/\/www.vanessaestorach.com\/#website\",\"url\":\"https:\/\/www.vanessaestorach.com\/\",\"name\":\"Vanessa Estorach\",\"description\":\"\",\"publisher\":{\"@id\":\"https:\/\/www.vanessaestorach.com\/#organization\"},\"potentialAction\":[{\"@type\":\"SearchAction\",\"target\":{\"@type\":\"EntryPoint\",\"urlTemplate\":\"https:\/\/www.vanessaestorach.com\/?s={search_term_string}\"},\"query-input\":{\"@type\":\"PropertyValueSpecification\",\"valueRequired\":true,\"valueName\":\"search_term_string\"}}],\"inLanguage\":\"en-US\"},{\"@type\":\"Organization\",\"@id\":\"https:\/\/www.vanessaestorach.com\/#organization\",\"name\":\"Vanessa Estorach\",\"url\":\"https:\/\/www.vanessaestorach.com\/\",\"logo\":{\"@type\":\"ImageObject\",\"inLanguage\":\"en-US\",\"@id\":\"https:\/\/www.vanessaestorach.com\/#\/schema\/logo\/image\/\",\"url\":\"https:\/\/www.vanessaestorach.com\/wp-content\/uploads\/2018\/11\/cropped-vestorach-imagotip_COLOR.png\",\"contentUrl\":\"https:\/\/www.vanessaestorach.com\/wp-content\/uploads\/2018\/11\/cropped-vestorach-imagotip_COLOR.png\",\"width\":995,\"height\":995,\"caption\":\"Vanessa Estorach\"},\"image\":{\"@id\":\"https:\/\/www.vanessaestorach.com\/#\/schema\/logo\/image\/\"}},{\"@type\":\"Person\",\"@id\":\"https:\/\/www.vanessaestorach.com\/#\/schema\/person\/e2482048d7983d00700241b2c5e1f108\",\"name\":\"vestorach\",\"image\":{\"@type\":\"ImageObject\",\"inLanguage\":\"en-US\",\"@id\":\"https:\/\/www.vanessaestorach.com\/#\/schema\/person\/image\/\",\"url\":\"https:\/\/secure.gravatar.com\/avatar\/8e2d3ceeb204c44e012a97c887523a2c9a6bf557e94a46cd64e1a2ab67d1d81c?s=96&d=mm&r=g\",\"contentUrl\":\"https:\/\/secure.gravatar.com\/avatar\/8e2d3ceeb204c44e012a97c887523a2c9a6bf557e94a46cd64e1a2ab67d1d81c?s=96&d=mm&r=g\",\"caption\":\"vestorach\"},\"sameAs\":[\"https:\/\/www.vanessaestorach.com\",\"https:\/\/x.com\/vestorach\"],\"url\":\"https:\/\/www.vanessaestorach.com\/en\/author\/vestorach\/\"}]}<\/script>\n<!-- \/ Yoast SEO plugin. -->","yoast_head_json":{"title":"\u00bfSoprendidos con las novedades del evento de Apple e iPhone 7?","description":"Ayer despu\u00e9s del evento de Apple e iPhone 7 quer\u00eda escribir unas l\u00edneas pero quise digerirlo. Me esperaba que Apple presentara m\u00e1s novedades sobre el iPhone","robots":{"index":"index","follow":"follow","max-snippet":"max-snippet:-1","max-image-preview":"max-image-preview:large","max-video-preview":"max-video-preview:-1"},"canonical":"https:\/\/www.vanessaestorach.com\/en\/soprendidos-con-las-novedades-del-evento-de-apple-e-iphone-7\/","og_locale":"en_US","og_type":"article","og_title":"\u00bfSoprendidos con las novedades del evento de Apple e iPhone 7?","og_description":"Ayer despu\u00e9s del evento de Apple e iPhone 7 quer\u00eda escribir unas l\u00edneas pero quise digerirlo. Me esperaba que Apple presentara m\u00e1s novedades sobre el iPhone","og_url":"https:\/\/www.vanessaestorach.com\/en\/soprendidos-con-las-novedades-del-evento-de-apple-e-iphone-7\/","og_site_name":"Vanessa Estorach","article_published_time":"2016-09-08T09:28:33+00:00","article_modified_time":"2024-03-11T13:17:37+00:00","og_image":[{"width":960,"height":636,"url":"https:\/\/www.vanessaestorach.com\/wp-content\/uploads\/2017\/02\/love-163851_960_720.jpg","type":"image\/jpeg"}],"author":"vestorach","twitter_misc":{"Written by":"vestorach","Est. reading time":"3 minutes"},"schema":{"@context":"https:\/\/schema.org","@graph":[{"@type":"Article","@id":"https:\/\/www.vanessaestorach.com\/en\/soprendidos-con-las-novedades-del-evento-de-apple-e-iphone-7\/#article","isPartOf":{"@id":"https:\/\/www.vanessaestorach.com\/en\/soprendidos-con-las-novedades-del-evento-de-apple-e-iphone-7\/"},"author":{"name":"vestorach","@id":"https:\/\/www.vanessaestorach.com\/#\/schema\/person\/e2482048d7983d00700241b2c5e1f108"},"headline":"\u00bfSoprendidos con las novedades del evento de Apple e iPhone 7?","datePublished":"2016-09-08T09:28:33+00:00","dateModified":"2024-03-11T13:17:37+00:00","mainEntityOfPage":{"@id":"https:\/\/www.vanessaestorach.com\/en\/soprendidos-con-las-novedades-del-evento-de-apple-e-iphone-7\/"},"wordCount":485,"commentCount":0,"publisher":{"@id":"https:\/\/www.vanessaestorach.com\/#organization"},"image":{"@id":"https:\/\/www.vanessaestorach.com\/en\/soprendidos-con-las-novedades-del-evento-de-apple-e-iphone-7\/#primaryimage"},"thumbnailUrl":"https:\/\/www.vanessaestorach.com\/wp-content\/uploads\/2017\/02\/love-163851_960_720.jpg","inLanguage":"en-US","potentialAction":[{"@type":"CommentAction","name":"Comment","target":["https:\/\/www.vanessaestorach.com\/en\/soprendidos-con-las-novedades-del-evento-de-apple-e-iphone-7\/#respond"]}]},{"@type":"WebPage","@id":"https:\/\/www.vanessaestorach.com\/en\/soprendidos-con-las-novedades-del-evento-de-apple-e-iphone-7\/","url":"https:\/\/www.vanessaestorach.com\/en\/soprendidos-con-las-novedades-del-evento-de-apple-e-iphone-7\/","name":"\u00bfSoprendidos con las novedades del evento de Apple e iPhone 7?","isPartOf":{"@id":"https:\/\/www.vanessaestorach.com\/#website"},"primaryImageOfPage":{"@id":"https:\/\/www.vanessaestorach.com\/en\/soprendidos-con-las-novedades-del-evento-de-apple-e-iphone-7\/#primaryimage"},"image":{"@id":"https:\/\/www.vanessaestorach.com\/en\/soprendidos-con-las-novedades-del-evento-de-apple-e-iphone-7\/#primaryimage"},"thumbnailUrl":"https:\/\/www.vanessaestorach.com\/wp-content\/uploads\/2017\/02\/love-163851_960_720.jpg","datePublished":"2016-09-08T09:28:33+00:00","dateModified":"2024-03-11T13:17:37+00:00","description":"Ayer despu\u00e9s del evento de Apple e iPhone 7 quer\u00eda escribir unas l\u00edneas pero quise digerirlo. Me esperaba que Apple presentara m\u00e1s novedades sobre el iPhone","breadcrumb":{"@id":"https:\/\/www.vanessaestorach.com\/en\/soprendidos-con-las-novedades-del-evento-de-apple-e-iphone-7\/#breadcrumb"},"inLanguage":"en-US","potentialAction":[{"@type":"ReadAction","target":["https:\/\/www.vanessaestorach.com\/en\/soprendidos-con-las-novedades-del-evento-de-apple-e-iphone-7\/"]}]},{"@type":"ImageObject","inLanguage":"en-US","@id":"https:\/\/www.vanessaestorach.com\/en\/soprendidos-con-las-novedades-del-evento-de-apple-e-iphone-7\/#primaryimage","url":"https:\/\/www.vanessaestorach.com\/wp-content\/uploads\/2017\/02\/love-163851_960_720.jpg","contentUrl":"https:\/\/www.vanessaestorach.com\/wp-content\/uploads\/2017\/02\/love-163851_960_720.jpg","width":960,"height":636},{"@type":"BreadcrumbList","@id":"https:\/\/www.vanessaestorach.com\/en\/soprendidos-con-las-novedades-del-evento-de-apple-e-iphone-7\/#breadcrumb","itemListElement":[{"@type":"ListItem","position":1,"name":"Portada","item":"https:\/\/www.vanessaestorach.com\/en\/"},{"@type":"ListItem","position":2,"name":"\u00bfSoprendidos con las novedades del evento de Apple e iPhone 7?"}]},{"@type":"WebSite","@id":"https:\/\/www.vanessaestorach.com\/#website","url":"https:\/\/www.vanessaestorach.com\/","name":"Vanessa Estorach","description":"","publisher":{"@id":"https:\/\/www.vanessaestorach.com\/#organization"},"potentialAction":[{"@type":"SearchAction","target":{"@type":"EntryPoint","urlTemplate":"https:\/\/www.vanessaestorach.com\/?s={search_term_string}"},"query-input":{"@type":"PropertyValueSpecification","valueRequired":true,"valueName":"search_term_string"}}],"inLanguage":"en-US"},{"@type":"Organization","@id":"https:\/\/www.vanessaestorach.com\/#organization","name":"Vanessa Estorach","url":"https:\/\/www.vanessaestorach.com\/","logo":{"@type":"ImageObject","inLanguage":"en-US","@id":"https:\/\/www.vanessaestorach.com\/#\/schema\/logo\/image\/","url":"https:\/\/www.vanessaestorach.com\/wp-content\/uploads\/2018\/11\/cropped-vestorach-imagotip_COLOR.png","contentUrl":"https:\/\/www.vanessaestorach.com\/wp-content\/uploads\/2018\/11\/cropped-vestorach-imagotip_COLOR.png","width":995,"height":995,"caption":"Vanessa Estorach"},"image":{"@id":"https:\/\/www.vanessaestorach.com\/#\/schema\/logo\/image\/"}},{"@type":"Person","@id":"https:\/\/www.vanessaestorach.com\/#\/schema\/person\/e2482048d7983d00700241b2c5e1f108","name":"vestorach","image":{"@type":"ImageObject","inLanguage":"en-US","@id":"https:\/\/www.vanessaestorach.com\/#\/schema\/person\/image\/","url":"https:\/\/secure.gravatar.com\/avatar\/8e2d3ceeb204c44e012a97c887523a2c9a6bf557e94a46cd64e1a2ab67d1d81c?s=96&d=mm&r=g","contentUrl":"https:\/\/secure.gravatar.com\/avatar\/8e2d3ceeb204c44e012a97c887523a2c9a6bf557e94a46cd64e1a2ab67d1d81c?s=96&d=mm&r=g","caption":"vestorach"},"sameAs":["https:\/\/www.vanessaestorach.com","https:\/\/x.com\/vestorach"],"url":"https:\/\/www.vanessaestorach.com\/en\/author\/vestorach\/"}]}},"_links":{"self":[{"href":"https:\/\/www.vanessaestorach.com\/en\/wp-json\/wp\/v2\/posts\/4465","targetHints":{"allow":["GET"]}}],"collection":[{"href":"https:\/\/www.vanessaestorach.com\/en\/wp-json\/wp\/v2\/posts"}],"about":[{"href":"https:\/\/www.vanessaestorach.com\/en\/wp-json\/wp\/v2\/types\/post"}],"author":[{"embeddable":true,"href":"https:\/\/www.vanessaestorach.com\/en\/wp-json\/wp\/v2\/users\/4"}],"replies":[{"embeddable":true,"href":"https:\/\/www.vanessaestorach.com\/en\/wp-json\/wp\/v2\/comments?post=4465"}],"version-history":[{"count":3,"href":"https:\/\/www.vanessaestorach.com\/en\/wp-json\/wp\/v2\/posts\/4465\/revisions"}],"predecessor-version":[{"id":6561,"href":"https:\/\/www.vanessaestorach.com\/en\/wp-json\/wp\/v2\/posts\/4465\/revisions\/6561"}],"wp:featuredmedia":[{"embeddable":true,"href":"https:\/\/www.vanessaestorach.com\/en\/wp-json\/wp\/v2\/media\/4908"}],"wp:attachment":[{"href":"https:\/\/www.vanessaestorach.com\/en\/wp-json\/wp\/v2\/media?parent=4465"}],"wp:term":[{"taxonomy":"category","embeddable":true,"href":"https:\/\/www.vanessaestorach.com\/en\/wp-json\/wp\/v2\/categories?post=4465"},{"taxonomy":"post_tag","embeddable":true,"href":"https:\/\/www.vanessaestorach.com\/en\/wp-json\/wp\/v2\/tags?post=4465"}],"curies":[{"name":"wp","href":"https:\/\/api.w.org\/{rel}","templated":true}]}}