{"id":6429,"date":"2020-04-09T10:57:41","date_gmt":"2020-04-09T08:57:41","guid":{"rendered":"https:\/\/www.vanessaestorach.com\/?p=6429"},"modified":"2020-04-09T10:57:41","modified_gmt":"2020-04-09T08:57:41","slug":"reflexiones-personales","status":"publish","type":"post","link":"https:\/\/www.vanessaestorach.com\/en\/reflexiones-personales\/","title":{"rendered":"Reflexiones personales"},"content":{"rendered":"<p>Hace un a\u00f1o, me empec\u00e9 a hacer muchas preguntas sobree mis siguientes pasos profesionales. Llevaba 8 a\u00f1os trabajando como consultora en estrategias y transformaciones digitales y ten\u00eda una cartera de clientes estable. Era un momento profesional muy dulce. Sin embargo, me faltaba algo. Ser\u00e1 porque soy una persona con mucha inquietud. Ahora, visto en prespectiva, creo que lo que me faltaban eran nuevos retos. Os comparto a continuaci\u00f3n un ejercicio que hice d\u00f3nde escrib\u00ed mis reflexiones personales.<\/p>\n<p><iframe loading=\"lazy\" class=\"giphy-embed\" src=\"https:\/\/giphy.com\/embed\/S2wAes3xRCu4PBFyHB\" width=\"480\" height=\"399\" frameborder=\"0\" allowfullscreen=\"allowfullscreen\"><\/iframe><\/p>\n<p><a href=\"https:\/\/giphy.com\/gifs\/originals-nycoriginals2019-S2wAes3xRCu4PBFyHB\">via GIPHY<\/a><\/p>\n<p>Siempre me he sentido que he ido a contracorriente como un salm\u00f3n pero esto me ha dado unos conocimientos y habilidades que me han permitido llegar a donde estoy hoy. Y sigo queriendo ser salm\u00f3n cuando digo que mi siguiente paso ser\u00e1 en una posici\u00f3n directiva. Este objetivo me lo he propuesto por varias razones:<\/p>\n<ul>\n<li><strong>Me gusta liderar con ejemplo<\/strong> y para continuar siendo la role model que lidera Women in Mobile, quiero tener una posici\u00f3n de liderazgo en una empresa l\u00edder.<\/li>\n<li>Como consultora, he trabajado con muchos proyectos pero tengo muchas ganas de entrar en uno que pueda liderar y acompa\u00f1ar, no solamente ver desde la ventana.<\/li>\n<li>Como consultora he trabajado con un equipo de colaboradores remoto pero tengo ganas de formar parte de un equipo.<\/li>\n<\/ul>\n<p>Mi primera decisi\u00f3n de salm\u00f3n fue al salir de la universidad\u00a0 y <strong>empezar a trabajar en una start-up en 2007<\/strong>, cuando no era tan cool el mundo de las startups. Aquello me abri\u00f3 los ojos y me hizo ver el mundo de oportunidades que hab\u00eda para las empresas en la tecnolog\u00eda.<\/p>\n<p>Despu\u00e9s, he liderado varios proyectos, entre los que destacar\u00eda la <strong>creaci\u00f3n desde cero de un Departamento Exterior de una empresa de dise\u00f1o con tan solo 23 a\u00f1os<\/strong>. Viaj\u00e9 por toda Europa aprendiendo c\u00f3mo se vend\u00eda al cliente final. Mont\u00e9 y gestion\u00e9 a un equipo de distribuidores y agentes comerciales por Europa. Y sab\u00eda qu\u00e9 les pod\u00eda pedir ya que conoc\u00eda de primera mano cada uno de sus mercados.<\/p>\n<p>Despu\u00e9s de pasar por varios proyectos emprendedores, en 2012 decid\u00ed que quer\u00eda compartir los conocimientos adquiridos y <strong>empec\u00e9 con mi agencia de consultor\u00ed<\/strong>a. Liderar con ejemplo es una cosa que he hecho con todos mis clientes: no he aplicado ni recomendado nada que antes no hab\u00eda testeado.<\/p>\n<p>Dar formaciones y ser mentora me obliga a formarme continuamente. Cosa que me apasiona.<\/p>\n<p><strong>En 2014, fund\u00e9 junto con varias compa\u00f1eras Women in Mobile<\/strong>, una iniciativa que tiene como objetivo dar visibilidad a la mujer en tecnolog\u00eda. Desde entonces, lidero, empodero y motivo el equipo voluntario de mujeres.\u00a0 Este proyecto me ha ayudado a desarrollarme personalmente, sacando s\u00edndromes del impostor o mejorando mis habilidades comunicativas. Pero tambi\u00e9n me emociona poder ayudar a desarrollar el potencial de otras mujeres<\/p>\n<p>Es por ello que una vez m\u00e1s, quiero liderar con el cambio y entrar en una posici\u00f3n directiva para tener m\u00e1s visibilidad de las mujeres en tecnolog\u00eda.<\/p>\n<p>&nbsp;<\/p>\n<h2>C\u00d3MO PUEDO AYUDAR<\/h2>\n<p>Mi siempre ha sido muy transversal pero con estos a\u00f1os ha conseguido ser:<\/p>\n<ul>\n<li><strong>Beneficios de ir a contracorriente<\/strong>: a diferencia de muchos l\u00edderes digitales de las empresas corporativas, yo tengo un profundo conocimiento en el mundo digital y de c\u00f3mo lanzar campa\u00f1as en diferentes perspectivas y sectores.<\/li>\n<li><strong>Soy una l\u00edder<\/strong>, tanto en proyectos para mis clientes, especialmente de Transformaci\u00f3n Digital, como para Women in Mobile, motivando a las personas y empresas a hacer cambios.<\/li>\n<li>Soy una persona con <strong>capacidad ejecutiva<\/strong> adem\u00e1s de gran conocimiento de marketing digital y del sector tecnol\u00f3gico, podr\u00eda aportar mucho: estrategia, liderazgo de equipos, crecimiento, y los clientes con los que ha trabajado as\u00ed lo han verificado.<\/li>\n<li>Soy una persona con <strong>capacidad problem solver<\/strong>, que aplica la creatividad en la aportaci\u00f3n de soluciones.<\/li>\n<li>Soy una persona <strong>emprendedora<\/strong>.<\/li>\n<li>Soy una persona <strong>con un buen posicionamiento dentro del sector<\/strong> y con f\u00e1cil acceso a recursos de proveedores y especialistas.<\/li>\n<li>Soy una persona <strong>con una red de contactos de alta calidad<\/strong>.<\/li>\n<\/ul>\n<p>He estado en el mundo tecnol\u00f3gico casi desde sus inicios. He presenciado c\u00f3mo empresas han surgido y desaparecido en el ciclo natural de la vida en un sector que se crea desde cero.<\/p>\n<p>&nbsp;<\/p>\n<h2>PROYECTOS M\u00c1S DESTACADOS<\/h2>\n<p>En los a\u00f1os en que he estado como consultora, he participado en muchos proyectos. Aquellos que destaco, por ser challenging o por lo que me han aportado a nivel personal:<\/p>\n<p><b>Cebado<\/b><\/p>\n<p>Tipo: Transformaci\u00f3n Digital<\/p>\n<p>Duraci\u00f3n del proyecto: 2013-19<\/p>\n<p>Problem\u00e1tica inicial: no utilizaban canales digitales para comunicarse con sus clientes<\/p>\n<p>Resultados principales:<\/p>\n<ul>\n<li>Comunicaci\u00f3n principal con sus clientes finales a trav\u00e9s de las redes sociales<\/li>\n<li>Creaci\u00f3n de un spin-off que vende cursos de peluquer\u00eda online (e-commerce)<\/li>\n<li>Utilizaci\u00f3n de CRM Zoho internos para gestionar los clientes<\/li>\n<\/ul>\n<p>&nbsp;<\/p>\n<p><b>Ajuntament de Barcelona<\/b><\/p>\n<p>Tipo: Consultor\u00eda estrat\u00e9gica<\/p>\n<p>Duraci\u00f3n del proyecto: 2017 (4 meses)<\/p>\n<p>Problem\u00e1tica inicial: poca uso de sus aplicaciones m\u00f3viles<\/p>\n<p>Resultados principales:<\/p>\n<ul>\n<li>Reducci\u00f3n del n\u00famero de aplicaciones m\u00f3viles del Ajuntament de Barcelona<\/li>\n<li>Uso de herramientas de anal\u00edtica para obtener datos sobre el uso y las mismas apps<\/li>\n<li>Mejora de la retenci\u00f3n en las key apps<\/li>\n<\/ul>\n<p>&nbsp;<\/p>\n<p><b>Naturgy<\/b><\/p>\n<p>Tipo: Consultor\u00eda de Marketing de Apps<\/p>\n<p>Duraci\u00f3n del proyecto: 2016-2019<\/p>\n<p>Problem\u00e1tica inicial: mal posicionamiento de sus aplicaciones m\u00f3viles<\/p>\n<p>Resultados principales:<\/p>\n<ul>\n<li>Mejora del posicionamiento dentro de los markets de las apps<\/li>\n<li>Uso de herramientas de anal\u00edtica para obtener datos sobre las apps<\/li>\n<li>Optimizaci\u00f3n de los procesos dentro de las apps<\/li>\n<\/ul>\n<p>&nbsp;<\/p>\n<p><b>Emagister<\/b><\/p>\n<p>Tipo: Lanzamiento de una app m\u00f3vil<\/p>\n<p>Duraci\u00f3n del proyecto: 2016 (4 meses)<\/p>\n<p>Problem\u00e1tica inicial: lanzamiento global de la app<\/p>\n<p>Resultados principales:<\/p>\n<ul>\n<li>Preparaci\u00f3n de la estrategia de lanzamiento<\/li>\n<li>Coordinaci\u00f3n de los equipos internos relacionados con el lanzamiento (Dise\u00f1o, UX, IT, Marketing, PR)<\/li>\n<li>Incorporaci\u00f3n de herramientas de atribuci\u00f3n para medir la campa\u00f1a en medios on y offline (redes sociales, mailing, televisi\u00f3n)<\/li>\n<\/ul>\n<p>&nbsp;<\/p>\n<p><b>Lactapp<\/b><\/p>\n<p>Tipo: Definici\u00f3n de la estrategia de la start-up<\/p>\n<p>Duraci\u00f3n del proyecto: 2016-18<\/p>\n<p>Problem\u00e1tica inicial: start-up<\/p>\n<p>Resultados principales:<\/p>\n<ul>\n<li>Creaci\u00f3n del concepto de la app<\/li>\n<li>Recomendaciones a nivel de UX<\/li>\n<li>Desarrollo de la estrategia de marketing de la startup<\/li>\n<li>Identificaci\u00f3n de posibles v\u00edas de monetizaci\u00f3n<\/li>\n<\/ul>\n<p>&nbsp;<\/p>\n<p><b>Worldreader<\/b><\/p>\n<p>Tipo: App engagement<\/p>\n<p>Duraci\u00f3n del proyecto: 2015 (8 meses)<\/p>\n<p>Problem\u00e1tica inicial: Cambio del tipo de app. Preocupaci\u00f3n por la retenci\u00f3n.<\/p>\n<p>Resultados principales:<\/p>\n<ul>\n<li>Incorporaci\u00f3n de gamification para conseguir multiplicar por 8 los ratios de retenci\u00f3n en la app durante las primeras 4 semanas.<\/li>\n<\/ul>\n<p>&nbsp;<\/p>\n<p><b>Viuho<\/b><\/p>\n<p>Tipo: Definici\u00f3n de la estrategia de marketing de la startup<\/p>\n<p>Duraci\u00f3n del proyecto: 2018 (9 meses)<\/p>\n<p>Problem\u00e1tica inicial: start-up<\/p>\n<p>Resultados principales:<\/p>\n<ul>\n<li>Desarrollo de un plan de marketing para el lanzamiento de la startup en diferentes mercados mundiales y para diferentes canales.<\/li>\n<\/ul>\n<p><iframe loading=\"lazy\" src=\"https:\/\/giphy.com\/embed\/ibiluxcCEYxiWJzsEy\" width=\"480\" height=\"270\" frameBorder=\"0\" class=\"giphy-embed\" allowFullScreen><\/iframe><\/p>\n<p><a href=\"https:\/\/giphy.com\/gifs\/nbcgoodgirls-nbc-212-good-girls-ibiluxcCEYxiWJzsEy\">via GIPHY<\/a><\/p>\n<p>&nbsp;<\/p>\n<p>Ahora ya me conoces mejor. Si tienes cualquier pregunta o crees que te puedo ayudar en alguna cosa, no dudes en contactarme. <\/p>\n","protected":false},"excerpt":{"rendered":"<p>Hace un a\u00f1o, me empec\u00e9 a hacer muchas preguntas sobree mis siguientes pasos profesionales. Llevaba 8 a\u00f1os trabajando como consultora en estrategias y transformaciones digitales y ten\u00eda una cartera de clientes estable. Era un momento profesional muy dulce. Sin embargo, me faltaba algo. Ser\u00e1 porque soy una persona con mucha inquietud. Ahora, visto en prespectiva,&#8230;<\/p>\n","protected":false},"author":4,"featured_media":6430,"comment_status":"closed","ping_status":"open","sticky":false,"template":"","format":"standard","meta":{"_acf_changed":false,"footnotes":""},"categories":[991],"tags":[],"class_list":["post-6429","post","type-post","status-publish","format-standard","has-post-thumbnail","hentry","category-management"],"acf":[],"yoast_head":"<!-- This site is optimized with the Yoast SEO plugin v26.6 - https:\/\/yoast.com\/wordpress\/plugins\/seo\/ -->\n<title>Reflexiones personales - Vanessa Estorach<\/title>\n<meta name=\"description\" content=\"Reflexiones personales\" \/>\n<meta name=\"robots\" content=\"index, follow, max-snippet:-1, max-image-preview:large, max-video-preview:-1\" \/>\n<link rel=\"canonical\" href=\"https:\/\/www.vanessaestorach.com\/en\/reflexiones-personales\/\" \/>\n<meta property=\"og:locale\" content=\"en_US\" \/>\n<meta property=\"og:type\" content=\"article\" \/>\n<meta property=\"og:title\" content=\"Reflexiones personales - Vanessa Estorach\" \/>\n<meta property=\"og:description\" content=\"Reflexiones personales\" \/>\n<meta property=\"og:url\" content=\"https:\/\/www.vanessaestorach.com\/en\/reflexiones-personales\/\" \/>\n<meta property=\"og:site_name\" content=\"Vanessa Estorach\" \/>\n<meta property=\"article:published_time\" content=\"2020-04-09T08:57:41+00:00\" \/>\n<meta property=\"og:image\" content=\"https:\/\/www.vanessaestorach.com\/wp-content\/uploads\/2020\/04\/mwc-06_11_640x380.jpeg\" \/>\n\t<meta property=\"og:image:width\" content=\"640\" \/>\n\t<meta property=\"og:image:height\" content=\"380\" \/>\n\t<meta property=\"og:image:type\" content=\"image\/jpeg\" \/>\n<meta name=\"author\" content=\"vestorach\" \/>\n<meta name=\"twitter:label1\" content=\"Written by\" \/>\n\t<meta name=\"twitter:data1\" content=\"vestorach\" \/>\n\t<meta name=\"twitter:label2\" content=\"Est. reading time\" \/>\n\t<meta name=\"twitter:data2\" content=\"6 minutes\" \/>\n<script type=\"application\/ld+json\" class=\"yoast-schema-graph\">{\"@context\":\"https:\/\/schema.org\",\"@graph\":[{\"@type\":\"Article\",\"@id\":\"https:\/\/www.vanessaestorach.com\/en\/reflexiones-personales\/#article\",\"isPartOf\":{\"@id\":\"https:\/\/www.vanessaestorach.com\/en\/reflexiones-personales\/\"},\"author\":{\"name\":\"vestorach\",\"@id\":\"https:\/\/www.vanessaestorach.com\/#\/schema\/person\/e2482048d7983d00700241b2c5e1f108\"},\"headline\":\"Reflexiones personales\",\"datePublished\":\"2020-04-09T08:57:41+00:00\",\"mainEntityOfPage\":{\"@id\":\"https:\/\/www.vanessaestorach.com\/en\/reflexiones-personales\/\"},\"wordCount\":1178,\"publisher\":{\"@id\":\"https:\/\/www.vanessaestorach.com\/#organization\"},\"image\":{\"@id\":\"https:\/\/www.vanessaestorach.com\/en\/reflexiones-personales\/#primaryimage\"},\"thumbnailUrl\":\"https:\/\/www.vanessaestorach.com\/wp-content\/uploads\/2020\/04\/mwc-06_11_640x380.jpeg\",\"articleSection\":[\"Management\"],\"inLanguage\":\"en-US\"},{\"@type\":\"WebPage\",\"@id\":\"https:\/\/www.vanessaestorach.com\/en\/reflexiones-personales\/\",\"url\":\"https:\/\/www.vanessaestorach.com\/en\/reflexiones-personales\/\",\"name\":\"Reflexiones personales - Vanessa Estorach\",\"isPartOf\":{\"@id\":\"https:\/\/www.vanessaestorach.com\/#website\"},\"primaryImageOfPage\":{\"@id\":\"https:\/\/www.vanessaestorach.com\/en\/reflexiones-personales\/#primaryimage\"},\"image\":{\"@id\":\"https:\/\/www.vanessaestorach.com\/en\/reflexiones-personales\/#primaryimage\"},\"thumbnailUrl\":\"https:\/\/www.vanessaestorach.com\/wp-content\/uploads\/2020\/04\/mwc-06_11_640x380.jpeg\",\"datePublished\":\"2020-04-09T08:57:41+00:00\",\"description\":\"Reflexiones personales\",\"breadcrumb\":{\"@id\":\"https:\/\/www.vanessaestorach.com\/en\/reflexiones-personales\/#breadcrumb\"},\"inLanguage\":\"en-US\",\"potentialAction\":[{\"@type\":\"ReadAction\",\"target\":[\"https:\/\/www.vanessaestorach.com\/en\/reflexiones-personales\/\"]}]},{\"@type\":\"ImageObject\",\"inLanguage\":\"en-US\",\"@id\":\"https:\/\/www.vanessaestorach.com\/en\/reflexiones-personales\/#primaryimage\",\"url\":\"https:\/\/www.vanessaestorach.com\/wp-content\/uploads\/2020\/04\/mwc-06_11_640x380.jpeg\",\"contentUrl\":\"https:\/\/www.vanessaestorach.com\/wp-content\/uploads\/2020\/04\/mwc-06_11_640x380.jpeg\",\"width\":640,\"height\":380,\"caption\":\"vanessa-estorach-reflexiones-personales\"},{\"@type\":\"BreadcrumbList\",\"@id\":\"https:\/\/www.vanessaestorach.com\/en\/reflexiones-personales\/#breadcrumb\",\"itemListElement\":[{\"@type\":\"ListItem\",\"position\":1,\"name\":\"Portada\",\"item\":\"https:\/\/www.vanessaestorach.com\/en\/\"},{\"@type\":\"ListItem\",\"position\":2,\"name\":\"Reflexiones personales\"}]},{\"@type\":\"WebSite\",\"@id\":\"https:\/\/www.vanessaestorach.com\/#website\",\"url\":\"https:\/\/www.vanessaestorach.com\/\",\"name\":\"Vanessa Estorach\",\"description\":\"\",\"publisher\":{\"@id\":\"https:\/\/www.vanessaestorach.com\/#organization\"},\"potentialAction\":[{\"@type\":\"SearchAction\",\"target\":{\"@type\":\"EntryPoint\",\"urlTemplate\":\"https:\/\/www.vanessaestorach.com\/?s={search_term_string}\"},\"query-input\":{\"@type\":\"PropertyValueSpecification\",\"valueRequired\":true,\"valueName\":\"search_term_string\"}}],\"inLanguage\":\"en-US\"},{\"@type\":\"Organization\",\"@id\":\"https:\/\/www.vanessaestorach.com\/#organization\",\"name\":\"Vanessa Estorach\",\"url\":\"https:\/\/www.vanessaestorach.com\/\",\"logo\":{\"@type\":\"ImageObject\",\"inLanguage\":\"en-US\",\"@id\":\"https:\/\/www.vanessaestorach.com\/#\/schema\/logo\/image\/\",\"url\":\"https:\/\/www.vanessaestorach.com\/wp-content\/uploads\/2018\/11\/cropped-vestorach-imagotip_COLOR.png\",\"contentUrl\":\"https:\/\/www.vanessaestorach.com\/wp-content\/uploads\/2018\/11\/cropped-vestorach-imagotip_COLOR.png\",\"width\":995,\"height\":995,\"caption\":\"Vanessa Estorach\"},\"image\":{\"@id\":\"https:\/\/www.vanessaestorach.com\/#\/schema\/logo\/image\/\"}},{\"@type\":\"Person\",\"@id\":\"https:\/\/www.vanessaestorach.com\/#\/schema\/person\/e2482048d7983d00700241b2c5e1f108\",\"name\":\"vestorach\",\"image\":{\"@type\":\"ImageObject\",\"inLanguage\":\"en-US\",\"@id\":\"https:\/\/www.vanessaestorach.com\/#\/schema\/person\/image\/\",\"url\":\"https:\/\/secure.gravatar.com\/avatar\/8e2d3ceeb204c44e012a97c887523a2c9a6bf557e94a46cd64e1a2ab67d1d81c?s=96&d=mm&r=g\",\"contentUrl\":\"https:\/\/secure.gravatar.com\/avatar\/8e2d3ceeb204c44e012a97c887523a2c9a6bf557e94a46cd64e1a2ab67d1d81c?s=96&d=mm&r=g\",\"caption\":\"vestorach\"},\"sameAs\":[\"https:\/\/www.vanessaestorach.com\",\"https:\/\/x.com\/vestorach\"],\"url\":\"https:\/\/www.vanessaestorach.com\/en\/author\/vestorach\/\"}]}<\/script>\n<!-- \/ Yoast SEO plugin. -->","yoast_head_json":{"title":"Reflexiones personales - Vanessa Estorach","description":"Reflexiones personales","robots":{"index":"index","follow":"follow","max-snippet":"max-snippet:-1","max-image-preview":"max-image-preview:large","max-video-preview":"max-video-preview:-1"},"canonical":"https:\/\/www.vanessaestorach.com\/en\/reflexiones-personales\/","og_locale":"en_US","og_type":"article","og_title":"Reflexiones personales - Vanessa Estorach","og_description":"Reflexiones personales","og_url":"https:\/\/www.vanessaestorach.com\/en\/reflexiones-personales\/","og_site_name":"Vanessa Estorach","article_published_time":"2020-04-09T08:57:41+00:00","og_image":[{"width":640,"height":380,"url":"https:\/\/www.vanessaestorach.com\/wp-content\/uploads\/2020\/04\/mwc-06_11_640x380.jpeg","type":"image\/jpeg"}],"author":"vestorach","twitter_misc":{"Written by":"vestorach","Est. reading time":"6 minutes"},"schema":{"@context":"https:\/\/schema.org","@graph":[{"@type":"Article","@id":"https:\/\/www.vanessaestorach.com\/en\/reflexiones-personales\/#article","isPartOf":{"@id":"https:\/\/www.vanessaestorach.com\/en\/reflexiones-personales\/"},"author":{"name":"vestorach","@id":"https:\/\/www.vanessaestorach.com\/#\/schema\/person\/e2482048d7983d00700241b2c5e1f108"},"headline":"Reflexiones personales","datePublished":"2020-04-09T08:57:41+00:00","mainEntityOfPage":{"@id":"https:\/\/www.vanessaestorach.com\/en\/reflexiones-personales\/"},"wordCount":1178,"publisher":{"@id":"https:\/\/www.vanessaestorach.com\/#organization"},"image":{"@id":"https:\/\/www.vanessaestorach.com\/en\/reflexiones-personales\/#primaryimage"},"thumbnailUrl":"https:\/\/www.vanessaestorach.com\/wp-content\/uploads\/2020\/04\/mwc-06_11_640x380.jpeg","articleSection":["Management"],"inLanguage":"en-US"},{"@type":"WebPage","@id":"https:\/\/www.vanessaestorach.com\/en\/reflexiones-personales\/","url":"https:\/\/www.vanessaestorach.com\/en\/reflexiones-personales\/","name":"Reflexiones personales - Vanessa Estorach","isPartOf":{"@id":"https:\/\/www.vanessaestorach.com\/#website"},"primaryImageOfPage":{"@id":"https:\/\/www.vanessaestorach.com\/en\/reflexiones-personales\/#primaryimage"},"image":{"@id":"https:\/\/www.vanessaestorach.com\/en\/reflexiones-personales\/#primaryimage"},"thumbnailUrl":"https:\/\/www.vanessaestorach.com\/wp-content\/uploads\/2020\/04\/mwc-06_11_640x380.jpeg","datePublished":"2020-04-09T08:57:41+00:00","description":"Reflexiones personales","breadcrumb":{"@id":"https:\/\/www.vanessaestorach.com\/en\/reflexiones-personales\/#breadcrumb"},"inLanguage":"en-US","potentialAction":[{"@type":"ReadAction","target":["https:\/\/www.vanessaestorach.com\/en\/reflexiones-personales\/"]}]},{"@type":"ImageObject","inLanguage":"en-US","@id":"https:\/\/www.vanessaestorach.com\/en\/reflexiones-personales\/#primaryimage","url":"https:\/\/www.vanessaestorach.com\/wp-content\/uploads\/2020\/04\/mwc-06_11_640x380.jpeg","contentUrl":"https:\/\/www.vanessaestorach.com\/wp-content\/uploads\/2020\/04\/mwc-06_11_640x380.jpeg","width":640,"height":380,"caption":"vanessa-estorach-reflexiones-personales"},{"@type":"BreadcrumbList","@id":"https:\/\/www.vanessaestorach.com\/en\/reflexiones-personales\/#breadcrumb","itemListElement":[{"@type":"ListItem","position":1,"name":"Portada","item":"https:\/\/www.vanessaestorach.com\/en\/"},{"@type":"ListItem","position":2,"name":"Reflexiones personales"}]},{"@type":"WebSite","@id":"https:\/\/www.vanessaestorach.com\/#website","url":"https:\/\/www.vanessaestorach.com\/","name":"Vanessa Estorach","description":"","publisher":{"@id":"https:\/\/www.vanessaestorach.com\/#organization"},"potentialAction":[{"@type":"SearchAction","target":{"@type":"EntryPoint","urlTemplate":"https:\/\/www.vanessaestorach.com\/?s={search_term_string}"},"query-input":{"@type":"PropertyValueSpecification","valueRequired":true,"valueName":"search_term_string"}}],"inLanguage":"en-US"},{"@type":"Organization","@id":"https:\/\/www.vanessaestorach.com\/#organization","name":"Vanessa Estorach","url":"https:\/\/www.vanessaestorach.com\/","logo":{"@type":"ImageObject","inLanguage":"en-US","@id":"https:\/\/www.vanessaestorach.com\/#\/schema\/logo\/image\/","url":"https:\/\/www.vanessaestorach.com\/wp-content\/uploads\/2018\/11\/cropped-vestorach-imagotip_COLOR.png","contentUrl":"https:\/\/www.vanessaestorach.com\/wp-content\/uploads\/2018\/11\/cropped-vestorach-imagotip_COLOR.png","width":995,"height":995,"caption":"Vanessa Estorach"},"image":{"@id":"https:\/\/www.vanessaestorach.com\/#\/schema\/logo\/image\/"}},{"@type":"Person","@id":"https:\/\/www.vanessaestorach.com\/#\/schema\/person\/e2482048d7983d00700241b2c5e1f108","name":"vestorach","image":{"@type":"ImageObject","inLanguage":"en-US","@id":"https:\/\/www.vanessaestorach.com\/#\/schema\/person\/image\/","url":"https:\/\/secure.gravatar.com\/avatar\/8e2d3ceeb204c44e012a97c887523a2c9a6bf557e94a46cd64e1a2ab67d1d81c?s=96&d=mm&r=g","contentUrl":"https:\/\/secure.gravatar.com\/avatar\/8e2d3ceeb204c44e012a97c887523a2c9a6bf557e94a46cd64e1a2ab67d1d81c?s=96&d=mm&r=g","caption":"vestorach"},"sameAs":["https:\/\/www.vanessaestorach.com","https:\/\/x.com\/vestorach"],"url":"https:\/\/www.vanessaestorach.com\/en\/author\/vestorach\/"}]}},"_links":{"self":[{"href":"https:\/\/www.vanessaestorach.com\/en\/wp-json\/wp\/v2\/posts\/6429","targetHints":{"allow":["GET"]}}],"collection":[{"href":"https:\/\/www.vanessaestorach.com\/en\/wp-json\/wp\/v2\/posts"}],"about":[{"href":"https:\/\/www.vanessaestorach.com\/en\/wp-json\/wp\/v2\/types\/post"}],"author":[{"embeddable":true,"href":"https:\/\/www.vanessaestorach.com\/en\/wp-json\/wp\/v2\/users\/4"}],"replies":[{"embeddable":true,"href":"https:\/\/www.vanessaestorach.com\/en\/wp-json\/wp\/v2\/comments?post=6429"}],"version-history":[{"count":2,"href":"https:\/\/www.vanessaestorach.com\/en\/wp-json\/wp\/v2\/posts\/6429\/revisions"}],"predecessor-version":[{"id":6433,"href":"https:\/\/www.vanessaestorach.com\/en\/wp-json\/wp\/v2\/posts\/6429\/revisions\/6433"}],"wp:featuredmedia":[{"embeddable":true,"href":"https:\/\/www.vanessaestorach.com\/en\/wp-json\/wp\/v2\/media\/6430"}],"wp:attachment":[{"href":"https:\/\/www.vanessaestorach.com\/en\/wp-json\/wp\/v2\/media?parent=6429"}],"wp:term":[{"taxonomy":"category","embeddable":true,"href":"https:\/\/www.vanessaestorach.com\/en\/wp-json\/wp\/v2\/categories?post=6429"},{"taxonomy":"post_tag","embeddable":true,"href":"https:\/\/www.vanessaestorach.com\/en\/wp-json\/wp\/v2\/tags?post=6429"}],"curies":[{"name":"wp","href":"https:\/\/api.w.org\/{rel}","templated":true}]}}